{"id":12043,"date":"2024-08-07T16:42:46","date_gmt":"2024-08-07T19:42:46","guid":{"rendered":"https:\/\/www.athiewohnrath.com.br\/?p=12043"},"modified":"2024-08-28T19:22:53","modified_gmt":"2024-08-28T22:22:53","slug":"foco-nas-pessoas-reinventando-os-espacos-corporativos","status":"publish","type":"post","link":"https:\/\/www.athiewohnrath.com.br\/en\/foco-nas-pessoas-reinventando-os-espacos-corporativos\/","title":{"rendered":"Foco nas pessoas: reinventando os espa\u00e7os corporativos"},"content":{"rendered":"<p>A experi\u00eancia do usu\u00e1rio virou prioridade na concep\u00e7\u00e3o de novos espa\u00e7os de trabalho nos \u00faltimos anos. Em parte, isso se deve a exig\u00eancias das novas gera\u00e7\u00f5es, em especial dos millennials, para quem a qualidade de vida tem tanta ou mais import\u00e2ncia do que um bom sal\u00e1rio e uma vasta lista de benef\u00edcios.<\/p>\n\n\n\n<figure class=\"wp-block-image size-large\"><img decoding=\"async\" src=\"https:\/\/www.athiewohnrath.com.br\/wp-content\/uploads\/2024\/08\/FD-Fotografia-AW_PcW_030-1-1024x683.jpg\" alt=\"Escrit\u00f3rio moderno\" class=\"wp-image-12051\"\/><\/figure>\n\n\n\n<p><em>Escrit\u00f3rio da PwC, em S\u00e3o Paulo, com projeto focado nos usu\u00e1rios | Foto: @douglascostanzo<\/em><\/p>\n\n\n\n<p>Com o isolamento durante a pandemia, outras gera\u00e7\u00f5es passaram a ver o valor dessas novas formas de organizar os espa\u00e7os de trabalho, e isso tem impactado fortemente a maneira como os ambientes corporativos s\u00e3o projetados.<\/p>\n\n\n\n<h4 class=\"wp-block-heading\"><strong>Design para pessoas<\/strong><\/h4>\n\n\n\n<p>Diferentemente da arquitetura residencial, na qual os desejos dos moradores guiam as decis\u00f5es do projeto, no mundo corporativo as defini\u00e7\u00f5es envolvem muito mais gente: colaboradores, grupos de gest\u00e3o, fornecedores e clientes devem ser contemplados.<\/p>\n\n\n\n<p>O primeiro passo para criar <strong>espa\u00e7os de trabalho emp\u00e1ticos<\/strong> \u00e9 ouvir as necessidades e preocupa\u00e7\u00f5es de todos os usu\u00e1rios. \u00c9 a\u00ed que entra o design centrado no ser humano, ou foco nas pessoas. Isso significa, basicamente, colocar as necessidades, prefer\u00eancias e experi\u00eancias dos usu\u00e1rios no centro das decis\u00f5es.<\/p>\n\n\n\n<p><em><a href=\"https:\/\/www.athiewohnrath.com.br\/en\/aw-discute-tendencias-da-arquitetura-corporativa-na-casacor-sp\/\">+ A|W discute tend\u00eancias da arquitetura corporativa na CASACOR SP<\/a><\/em><\/p>\n\n\n\n<h4 class=\"wp-block-heading\"><strong>Flexibilidade \u00e9 tudo<\/strong><\/h4>\n\n\n\n<p>Muito requisitada no retorno aos escrit\u00f3rios no p\u00f3s-pandemia, a tend\u00eancia de &#8220;hoteling&#8221; veio para ficar. Esse conceito de gerenciamento de espa\u00e7o de escrit\u00f3rio permite que os funcion\u00e1rios reservem esta\u00e7\u00f5es de trabalho, em vez de terem mesas fixas, de acordo com suas necessidades e prefer\u00eancias.<\/p>\n\n\n\n<p>O sistema \u00e9 ideal para empresas com uma for\u00e7a de trabalho m\u00f3vel ou h\u00edbrida, otimizando o uso do espa\u00e7o dispon\u00edvel e permitindo uma adapta\u00e7\u00e3o f\u00e1cil a mudan\u00e7as no n\u00famero de funcion\u00e1rios. \u201cH\u00e1 uma tend\u00eancia de mesas rotativas, que geram mais espa\u00e7os de colabora\u00e7\u00e3o, de encontro, de reuni\u00f5es\u201d, diz Sergio Athi\u00e9.<\/p>\n\n\n\n<figure class=\"wp-block-image size-large\"><img loading=\"lazy\" decoding=\"async\" width=\"1024\" height=\"687\" src=\"https:\/\/www.athiewohnrath.com.br\/wp-content\/uploads\/2024\/08\/FD-Fotografia-AW_PwC_Campinas_011-1-1024x687.jpg\" alt=\"\" class=\"wp-image-12050\" srcset=\"https:\/\/www.athiewohnrath.com.br\/wp-content\/uploads\/2024\/08\/FD-Fotografia-AW_PwC_Campinas_011-1-1024x687.jpg 1024w, https:\/\/www.athiewohnrath.com.br\/wp-content\/uploads\/2024\/08\/FD-Fotografia-AW_PwC_Campinas_011-1-300x201.jpg 300w, https:\/\/www.athiewohnrath.com.br\/wp-content\/uploads\/2024\/08\/FD-Fotografia-AW_PwC_Campinas_011-1-768x515.jpg 768w, https:\/\/www.athiewohnrath.com.br\/wp-content\/uploads\/2024\/08\/FD-Fotografia-AW_PwC_Campinas_011-1-1536x1030.jpg 1536w, https:\/\/www.athiewohnrath.com.br\/wp-content\/uploads\/2024\/08\/FD-Fotografia-AW_PwC_Campinas_011-1-18x12.jpg 18w, https:\/\/www.athiewohnrath.com.br\/wp-content\/uploads\/2024\/08\/FD-Fotografia-AW_PwC_Campinas_011-1.jpg 2048w\" sizes=\"auto, (max-width: 1024px) 100vw, 1024px\" \/><\/figure>\n\n\n\n<p><em>O escrit\u00f3rio da PwC Campinas tem diferentes tipologias de mobili\u00e1rio | Foto: @douglascostanzo<\/em><\/p>\n\n\n\n<p>Essa \u00e9 uma forma de fomentar a colabora\u00e7\u00e3o entre equipes, promovendo a intera\u00e7\u00e3o entre colegas que normalmente n\u00e3o se encontrariam. Ele ainda eleva o n\u00edvel de satisfa\u00e7\u00e3o dos funcion\u00e1rios, ao oferecer mais autonomia e flexibilidade na escolha de onde trabalhar. O que pode aumentar tamb\u00e9m a produtividade.<\/p>\n\n\n\n<p><a href=\"https:\/\/www.athiewohnrath.com.br\/en\/posts-arquitetura\/pwc-campinas\/\"><em>+ Confira o projeto completo da a|w para o escrit\u00f3rio da PwC em Campinas<\/em><\/a><\/p>\n\n\n\n<h4 class=\"wp-block-heading\"><strong>Verde dentro<\/strong><\/h4>\n\n\n\n<p>Al\u00e9m do foco nas pessoas, outra t\u00e9cnica essencial para a melhora da <strong>sa\u00fade e do bem-estar<\/strong> dos colaboradores \u00e9 a biofilia. Ou seja: a tend\u00eancia inata do sere humano de buscar conex\u00f5es com a natureza.<\/p>\n\n\n\n<p>Ambientes de trabalho que integram caracter\u00edsticas naturais, como vegeta\u00e7\u00e3o, luz natural e vistas para o exterior, podem diminuir os n\u00edveis de ansiedade e fadiga dos funcion\u00e1rios. E ainda aumentam sua satisfa\u00e7\u00e3o geral.<\/p>\n\n\n\n<p>Estudos revelam que 15% das pessoas que trabalham em espa\u00e7os com elementos biof\u00edlicos apresentam um maior n\u00edvel de bem-estar. Esses ambientes tamb\u00e9m est\u00e3o associados a um aumento de 6% na produtividade e 15% na criatividade dos trabalhadores. Os dados s\u00e3o do relat\u00f3rio da pesquisa <a href=\"https:\/\/interfaceinc.scene7.com\/is\/content\/InterfaceInc\/Interface\/Americas\/WebsiteContentAssets\/Documents\/Reports\/Human%20Spaces\/Global_Human_Spaces_Report_pt_BR.pdf\">Human Spaces<\/a>, conduzida pela Robertson Cooper, consultoria especializada em bem-estar no ambiente de trabalho e sa\u00fade organizacional.<\/p>\n\n\n\n<figure class=\"wp-block-image size-large\"><img loading=\"lazy\" decoding=\"async\" width=\"1024\" height=\"594\" src=\"https:\/\/www.athiewohnrath.com.br\/wp-content\/uploads\/2024\/08\/Mosaic-biofilia-colagem-1-1024x594.jpg\" alt=\"\" class=\"wp-image-12045\" srcset=\"https:\/\/www.athiewohnrath.com.br\/wp-content\/uploads\/2024\/08\/Mosaic-biofilia-colagem-1-1024x594.jpg 1024w, https:\/\/www.athiewohnrath.com.br\/wp-content\/uploads\/2024\/08\/Mosaic-biofilia-colagem-1-300x174.jpg 300w, https:\/\/www.athiewohnrath.com.br\/wp-content\/uploads\/2024\/08\/Mosaic-biofilia-colagem-1-768x446.jpg 768w, https:\/\/www.athiewohnrath.com.br\/wp-content\/uploads\/2024\/08\/Mosaic-biofilia-colagem-1-1536x891.jpg 1536w, https:\/\/www.athiewohnrath.com.br\/wp-content\/uploads\/2024\/08\/Mosaic-biofilia-colagem-1-18x10.jpg 18w, https:\/\/www.athiewohnrath.com.br\/wp-content\/uploads\/2024\/08\/Mosaic-biofilia-colagem-1.jpg 1723w\" sizes=\"auto, (max-width: 1024px) 100vw, 1024px\" \/><\/figure>\n\n\n\n<p><em>Detalhes do projeto do escrit\u00f3rio da Mosaic, em S\u00e3o Paulo | Foto: @alexandre.jafo<\/em><\/p>\n\n\n\n<h4 class=\"wp-block-heading\"><strong>Colaboradores engajados<\/strong><\/h4>\n\n\n\n<p>Nos novos espa\u00e7os corporativos, a oferta de experi\u00eancias diversas e positivas \u00e9 essencial para atrair o colaborador ao escrit\u00f3rio. \u00c9 l\u00e1 que ele poder\u00e1 interagir com outras pessoas, socializar com os colegas e, se precisar de um momento de foco, vai ter um espa\u00e7o espec\u00edfico para isso.<\/p>\n\n\n\n<p>Mas mais do que isso, ambientes que proporcionam experi\u00eancias \u00fanicas s\u00e3o capazes de conectar os colaboradores \u00e0 cultura da empresa, garantindo uma rela\u00e7\u00e3o mais verdadeira e intensa.<\/p>\n\n\n\n<p>\u201cIndependentemente do modelo de trabalho, as empresas est\u00e3o aproveitando o momento de fazer o novo escrit\u00f3rio para trazer seu DNA para os espa\u00e7os\u201d, diz Sergio. \u201cEnt\u00e3o a marca est\u00e1 muito presente, a cultura da empresa est\u00e1 muito, seja em m\u00eddia digital ou outros tipos de m\u00eddia.\u201d<\/p>\n\n\n\n<h4 class=\"wp-block-heading\"><strong>Impacto na produtividade<\/strong><\/h4>\n\n\n\n<p>Criar ambientes adapt\u00e1veis aumenta a satisfa\u00e7\u00e3o dos colaboradores e a efici\u00eancia no trabalho, trazendo benef\u00edcios tamb\u00e9m para as empresas. Ao oferecer ambientes que levam em considera\u00e7\u00e3o o ponto de vista dos usu\u00e1rios, promovemos um senso de pertencimento e colabora\u00e7\u00e3o.<\/p>\n\n\n\n<p>Dessa forma, a arquitetura corporativa n\u00e3o apenas responde \u00e0s necessidades atuais, mas tamb\u00e9m molda o futuro dos ambientes de trabalho.<\/p>\n\n\n\n<p>Essa \u00e9 uma transforma\u00e7\u00e3o que beneficia tanto os colaboradores quanto as empresas, criando um ciclo positivo de inova\u00e7\u00e3o e bem-estar no ambiente corporativo.<\/p>","protected":false},"excerpt":{"rendered":"<p>Escrit\u00f3rio da PwC em S\u00e3o Paulo, com projeto de interiores e constru\u00e7\u00e3o da Athi\u00e9 Wohnrath<\/p>","protected":false},"author":2,"featured_media":12197,"comment_status":"open","ping_status":"open","sticky":false,"template":"","format":"standard","meta":{"footnotes":""},"categories":[41],"tags":[50,46,45,44,52,47,51,42],"class_list":["post-12043","post","type-post","status-publish","format-standard","has-post-thumbnail","hentry","category-arquitetura","tag-arquitetura","tag-construcao","tag-decoracao","tag-design","tag-escritorio","tag-projeto","tag-pwc","tag-tendencia"],"yoast_head":"<!-- This site is optimized with the Yoast SEO plugin v22.4 - https:\/\/yoast.com\/wordpress\/plugins\/seo\/ -->\n<title>Foco nas pessoas: reinventando os espa\u00e7os corporativos - Athi\u00e9 | Wohnrath<\/title>\n<meta name=\"description\" content=\"O foco nas pessoas \u00e9 prioridade na concep\u00e7\u00e3o de novos espa\u00e7os de trabalho, em parte por exig\u00eancia das novas gera\u00e7\u00f5es.\" \/>\n<meta name=\"robots\" content=\"index, follow, max-snippet:-1, max-image-preview:large, max-video-preview:-1\" \/>\n<link rel=\"canonical\" href=\"https:\/\/www.athiewohnrath.com.br\/en\/foco-nas-pessoas-reinventando-os-espacos-corporativos\/\" \/>\n<meta property=\"og:locale\" content=\"en_US\" \/>\n<meta property=\"og:type\" content=\"article\" \/>\n<meta property=\"og:title\" content=\"Foco nas pessoas: reinventando os espa\u00e7os corporativos - Athi\u00e9 | Wohnrath\" \/>\n<meta property=\"og:description\" content=\"O foco nas pessoas \u00e9 prioridade na concep\u00e7\u00e3o de novos espa\u00e7os de trabalho, em parte por exig\u00eancia das novas gera\u00e7\u00f5es.\" \/>\n<meta property=\"og:url\" content=\"https:\/\/www.athiewohnrath.com.br\/en\/foco-nas-pessoas-reinventando-os-espacos-corporativos\/\" \/>\n<meta property=\"og:site_name\" content=\"Athi\u00e9 | Wohnrath\" \/>\n<meta property=\"article:published_time\" content=\"2024-08-07T19:42:46+00:00\" \/>\n<meta property=\"article:modified_time\" content=\"2024-08-28T22:22:53+00:00\" \/>\n<meta property=\"og:image\" content=\"https:\/\/www.athiewohnrath.com.br\/wp-content\/uploads\/2024\/08\/FD-Fotografia-AW_PcW_030-1024x683-2.jpg\" \/>\n\t<meta property=\"og:image:width\" content=\"1024\" \/>\n\t<meta property=\"og:image:height\" content=\"683\" \/>\n\t<meta property=\"og:image:type\" content=\"image\/jpeg\" \/>\n<meta name=\"author\" content=\"Lucca\" \/>\n<meta name=\"twitter:card\" content=\"summary_large_image\" \/>\n<meta name=\"twitter:label1\" content=\"Written by\" \/>\n\t<meta name=\"twitter:data1\" content=\"Lucca\" \/>\n\t<meta name=\"twitter:label2\" content=\"Est. reading time\" \/>\n\t<meta name=\"twitter:data2\" content=\"5 minutes\" \/>\n<script type=\"application\/ld+json\" class=\"yoast-schema-graph\">{\"@context\":\"https:\/\/schema.org\",\"@graph\":[{\"@type\":\"WebPage\",\"@id\":\"https:\/\/www.athiewohnrath.com.br\/foco-nas-pessoas-reinventando-os-espacos-corporativos\/\",\"url\":\"https:\/\/www.athiewohnrath.com.br\/foco-nas-pessoas-reinventando-os-espacos-corporativos\/\",\"name\":\"Foco nas pessoas: reinventando os espa\u00e7os corporativos - Athi\u00e9 | Wohnrath\",\"isPartOf\":{\"@id\":\"https:\/\/www.athiewohnrath.com.br\/#website\"},\"primaryImageOfPage\":{\"@id\":\"https:\/\/www.athiewohnrath.com.br\/foco-nas-pessoas-reinventando-os-espacos-corporativos\/#primaryimage\"},\"image\":{\"@id\":\"https:\/\/www.athiewohnrath.com.br\/foco-nas-pessoas-reinventando-os-espacos-corporativos\/#primaryimage\"},\"thumbnailUrl\":\"https:\/\/www.athiewohnrath.com.br\/wp-content\/uploads\/2024\/08\/FD-Fotografia-AW_PcW_030-1024x683-2.jpg\",\"datePublished\":\"2024-08-07T19:42:46+00:00\",\"dateModified\":\"2024-08-28T22:22:53+00:00\",\"author\":{\"@id\":\"https:\/\/www.athiewohnrath.com.br\/#\/schema\/person\/17effc9ed07bdab731c7ce20b495adc7\"},\"description\":\"O foco nas pessoas \u00e9 prioridade na concep\u00e7\u00e3o de novos espa\u00e7os de trabalho, em parte por exig\u00eancia das novas gera\u00e7\u00f5es.\",\"breadcrumb\":{\"@id\":\"https:\/\/www.athiewohnrath.com.br\/foco-nas-pessoas-reinventando-os-espacos-corporativos\/#breadcrumb\"},\"inLanguage\":\"en-US\",\"potentialAction\":[{\"@type\":\"ReadAction\",\"target\":[\"https:\/\/www.athiewohnrath.com.br\/foco-nas-pessoas-reinventando-os-espacos-corporativos\/\"]}]},{\"@type\":\"ImageObject\",\"inLanguage\":\"en-US\",\"@id\":\"https:\/\/www.athiewohnrath.com.br\/foco-nas-pessoas-reinventando-os-espacos-corporativos\/#primaryimage\",\"url\":\"https:\/\/www.athiewohnrath.com.br\/wp-content\/uploads\/2024\/08\/FD-Fotografia-AW_PcW_030-1024x683-2.jpg\",\"contentUrl\":\"https:\/\/www.athiewohnrath.com.br\/wp-content\/uploads\/2024\/08\/FD-Fotografia-AW_PcW_030-1024x683-2.jpg\",\"width\":1024,\"height\":683},{\"@type\":\"BreadcrumbList\",\"@id\":\"https:\/\/www.athiewohnrath.com.br\/foco-nas-pessoas-reinventando-os-espacos-corporativos\/#breadcrumb\",\"itemListElement\":[{\"@type\":\"ListItem\",\"position\":1,\"name\":\"In\u00edcio\",\"item\":\"https:\/\/www.athiewohnrath.com.br\/\"},{\"@type\":\"ListItem\",\"position\":2,\"name\":\"Foco nas pessoas: reinventando os espa\u00e7os corporativos\"}]},{\"@type\":\"WebSite\",\"@id\":\"https:\/\/www.athiewohnrath.com.br\/#website\",\"url\":\"https:\/\/www.athiewohnrath.com.br\/\",\"name\":\"Athi\u00e9 | Wohnrath\",\"description\":\"Inspire-se.\",\"potentialAction\":[{\"@type\":\"SearchAction\",\"target\":{\"@type\":\"EntryPoint\",\"urlTemplate\":\"https:\/\/www.athiewohnrath.com.br\/?s={search_term_string}\"},\"query-input\":\"required name=search_term_string\"}],\"inLanguage\":\"en-US\"},{\"@type\":\"Person\",\"@id\":\"https:\/\/www.athiewohnrath.com.br\/#\/schema\/person\/17effc9ed07bdab731c7ce20b495adc7\",\"name\":\"Lucca\",\"image\":{\"@type\":\"ImageObject\",\"inLanguage\":\"en-US\",\"@id\":\"https:\/\/www.athiewohnrath.com.br\/#\/schema\/person\/image\/\",\"url\":\"https:\/\/secure.gravatar.com\/avatar\/ccb48b0b890fc2095d4121eaf9a5e544354f291d5d3ba4f2a1ff15ac77168550?s=96&d=mm&r=g\",\"contentUrl\":\"https:\/\/secure.gravatar.com\/avatar\/ccb48b0b890fc2095d4121eaf9a5e544354f291d5d3ba4f2a1ff15ac77168550?s=96&d=mm&r=g\",\"caption\":\"Lucca\"},\"url\":\"https:\/\/www.athiewohnrath.com.br\/en\/author\/aw_temp\/\"}]}<\/script>\n<!-- \/ Yoast SEO plugin. -->","yoast_head_json":{"title":"Foco nas pessoas: reinventando os espa\u00e7os corporativos - Athi\u00e9 | Wohnrath","description":"O foco nas pessoas \u00e9 prioridade na concep\u00e7\u00e3o de novos espa\u00e7os de trabalho, em parte por exig\u00eancia das novas gera\u00e7\u00f5es.","robots":{"index":"index","follow":"follow","max-snippet":"max-snippet:-1","max-image-preview":"max-image-preview:large","max-video-preview":"max-video-preview:-1"},"canonical":"https:\/\/www.athiewohnrath.com.br\/en\/foco-nas-pessoas-reinventando-os-espacos-corporativos\/","og_locale":"en_US","og_type":"article","og_title":"Foco nas pessoas: reinventando os espa\u00e7os corporativos - Athi\u00e9 | Wohnrath","og_description":"O foco nas pessoas \u00e9 prioridade na concep\u00e7\u00e3o de novos espa\u00e7os de trabalho, em parte por exig\u00eancia das novas gera\u00e7\u00f5es.","og_url":"https:\/\/www.athiewohnrath.com.br\/en\/foco-nas-pessoas-reinventando-os-espacos-corporativos\/","og_site_name":"Athi\u00e9 | Wohnrath","article_published_time":"2024-08-07T19:42:46+00:00","article_modified_time":"2024-08-28T22:22:53+00:00","og_image":[{"width":1024,"height":683,"url":"https:\/\/www.athiewohnrath.com.br\/wp-content\/uploads\/2024\/08\/FD-Fotografia-AW_PcW_030-1024x683-2.jpg","type":"image\/jpeg"}],"author":"Lucca","twitter_card":"summary_large_image","twitter_misc":{"Written by":"Lucca","Est. reading time":"5 minutes"},"schema":{"@context":"https:\/\/schema.org","@graph":[{"@type":"WebPage","@id":"https:\/\/www.athiewohnrath.com.br\/foco-nas-pessoas-reinventando-os-espacos-corporativos\/","url":"https:\/\/www.athiewohnrath.com.br\/foco-nas-pessoas-reinventando-os-espacos-corporativos\/","name":"Foco nas pessoas: reinventando os espa\u00e7os corporativos - Athi\u00e9 | Wohnrath","isPartOf":{"@id":"https:\/\/www.athiewohnrath.com.br\/#website"},"primaryImageOfPage":{"@id":"https:\/\/www.athiewohnrath.com.br\/foco-nas-pessoas-reinventando-os-espacos-corporativos\/#primaryimage"},"image":{"@id":"https:\/\/www.athiewohnrath.com.br\/foco-nas-pessoas-reinventando-os-espacos-corporativos\/#primaryimage"},"thumbnailUrl":"https:\/\/www.athiewohnrath.com.br\/wp-content\/uploads\/2024\/08\/FD-Fotografia-AW_PcW_030-1024x683-2.jpg","datePublished":"2024-08-07T19:42:46+00:00","dateModified":"2024-08-28T22:22:53+00:00","author":{"@id":"https:\/\/www.athiewohnrath.com.br\/#\/schema\/person\/17effc9ed07bdab731c7ce20b495adc7"},"description":"O foco nas pessoas \u00e9 prioridade na concep\u00e7\u00e3o de novos espa\u00e7os de trabalho, em parte por exig\u00eancia das novas gera\u00e7\u00f5es.","breadcrumb":{"@id":"https:\/\/www.athiewohnrath.com.br\/foco-nas-pessoas-reinventando-os-espacos-corporativos\/#breadcrumb"},"inLanguage":"en-US","potentialAction":[{"@type":"ReadAction","target":["https:\/\/www.athiewohnrath.com.br\/foco-nas-pessoas-reinventando-os-espacos-corporativos\/"]}]},{"@type":"ImageObject","inLanguage":"en-US","@id":"https:\/\/www.athiewohnrath.com.br\/foco-nas-pessoas-reinventando-os-espacos-corporativos\/#primaryimage","url":"https:\/\/www.athiewohnrath.com.br\/wp-content\/uploads\/2024\/08\/FD-Fotografia-AW_PcW_030-1024x683-2.jpg","contentUrl":"https:\/\/www.athiewohnrath.com.br\/wp-content\/uploads\/2024\/08\/FD-Fotografia-AW_PcW_030-1024x683-2.jpg","width":1024,"height":683},{"@type":"BreadcrumbList","@id":"https:\/\/www.athiewohnrath.com.br\/foco-nas-pessoas-reinventando-os-espacos-corporativos\/#breadcrumb","itemListElement":[{"@type":"ListItem","position":1,"name":"In\u00edcio","item":"https:\/\/www.athiewohnrath.com.br\/"},{"@type":"ListItem","position":2,"name":"Foco nas pessoas: reinventando os espa\u00e7os corporativos"}]},{"@type":"WebSite","@id":"https:\/\/www.athiewohnrath.com.br\/#website","url":"https:\/\/www.athiewohnrath.com.br\/","name":"Athi\u00e9 | Wohnrath","description":"Inspire-se.","potentialAction":[{"@type":"SearchAction","target":{"@type":"EntryPoint","urlTemplate":"https:\/\/www.athiewohnrath.com.br\/?s={search_term_string}"},"query-input":"required name=search_term_string"}],"inLanguage":"en-US"},{"@type":"Person","@id":"https:\/\/www.athiewohnrath.com.br\/#\/schema\/person\/17effc9ed07bdab731c7ce20b495adc7","name":"Lucca","image":{"@type":"ImageObject","inLanguage":"en-US","@id":"https:\/\/www.athiewohnrath.com.br\/#\/schema\/person\/image\/","url":"https:\/\/secure.gravatar.com\/avatar\/ccb48b0b890fc2095d4121eaf9a5e544354f291d5d3ba4f2a1ff15ac77168550?s=96&d=mm&r=g","contentUrl":"https:\/\/secure.gravatar.com\/avatar\/ccb48b0b890fc2095d4121eaf9a5e544354f291d5d3ba4f2a1ff15ac77168550?s=96&d=mm&r=g","caption":"Lucca"},"url":"https:\/\/www.athiewohnrath.com.br\/en\/author\/aw_temp\/"}]}},"_links":{"self":[{"href":"https:\/\/www.athiewohnrath.com.br\/en\/wp-json\/wp\/v2\/posts\/12043","targetHints":{"allow":["GET"]}}],"collection":[{"href":"https:\/\/www.athiewohnrath.com.br\/en\/wp-json\/wp\/v2\/posts"}],"about":[{"href":"https:\/\/www.athiewohnrath.com.br\/en\/wp-json\/wp\/v2\/types\/post"}],"author":[{"embeddable":true,"href":"https:\/\/www.athiewohnrath.com.br\/en\/wp-json\/wp\/v2\/users\/2"}],"replies":[{"embeddable":true,"href":"https:\/\/www.athiewohnrath.com.br\/en\/wp-json\/wp\/v2\/comments?post=12043"}],"version-history":[{"count":4,"href":"https:\/\/www.athiewohnrath.com.br\/en\/wp-json\/wp\/v2\/posts\/12043\/revisions"}],"predecessor-version":[{"id":13550,"href":"https:\/\/www.athiewohnrath.com.br\/en\/wp-json\/wp\/v2\/posts\/12043\/revisions\/13550"}],"wp:featuredmedia":[{"embeddable":true,"href":"https:\/\/www.athiewohnrath.com.br\/en\/wp-json\/wp\/v2\/media\/12197"}],"wp:attachment":[{"href":"https:\/\/www.athiewohnrath.com.br\/en\/wp-json\/wp\/v2\/media?parent=12043"}],"wp:term":[{"taxonomy":"category","embeddable":true,"href":"https:\/\/www.athiewohnrath.com.br\/en\/wp-json\/wp\/v2\/categories?post=12043"},{"taxonomy":"post_tag","embeddable":true,"href":"https:\/\/www.athiewohnrath.com.br\/en\/wp-json\/wp\/v2\/tags?post=12043"}],"curies":[{"name":"wp","href":"https:\/\/api.w.org\/{rel}","templated":true}]}}