{"id":13666,"date":"2024-08-30T16:34:25","date_gmt":"2024-08-30T19:34:25","guid":{"rendered":"https:\/\/www.athiewohnrath.com.br\/?p=13666"},"modified":"2024-09-06T11:25:14","modified_gmt":"2024-09-06T14:25:14","slug":"premios","status":"publish","type":"post","link":"https:\/\/www.athiewohnrath.com.br\/en\/premios\/","title":{"rendered":"a|w recebe alguns dos principais pr\u00eamios do setor; conhe\u00e7a os projetos"},"content":{"rendered":"<p>Agosto foi um m\u00eas de muita comemora\u00e7\u00e3o na Athi\u00e9 Wohnrath, com o reconhecimento de alguns dos principais pr\u00eamios nacionais e internacionais do setor. No <a href=\"https:\/\/propertyawards.net\/\">Americas Property Awards<\/a>, os dois projetos inscritos na categoria Office Interior foram contemplados: os escrit\u00f3rios da Reckitt e da Livelo, em S\u00e3o Paulo (SP). A a|w tamb\u00e9m levou o pr\u00eamio de melhor site de arquitetura do Brasil.<\/p>\n\n\n\n<figure class=\"wp-block-image size-large\"><img loading=\"lazy\" decoding=\"async\" width=\"1024\" height=\"674\" src=\"https:\/\/www.athiewohnrath.com.br\/wp-content\/uploads\/2024\/08\/FD-Fotografia-AW_CBRE_001-1024x674.jpg\" alt=\"\" class=\"wp-image-13746\" srcset=\"https:\/\/www.athiewohnrath.com.br\/wp-content\/uploads\/2024\/08\/FD-Fotografia-AW_CBRE_001-1024x674.jpg 1024w, https:\/\/www.athiewohnrath.com.br\/wp-content\/uploads\/2024\/08\/FD-Fotografia-AW_CBRE_001-600x395.jpg 600w, https:\/\/www.athiewohnrath.com.br\/wp-content\/uploads\/2024\/08\/FD-Fotografia-AW_CBRE_001-768x505.jpg 768w, https:\/\/www.athiewohnrath.com.br\/wp-content\/uploads\/2024\/08\/FD-Fotografia-AW_CBRE_001-1536x1010.jpg 1536w, https:\/\/www.athiewohnrath.com.br\/wp-content\/uploads\/2024\/08\/FD-Fotografia-AW_CBRE_001-18x12.jpg 18w, https:\/\/www.athiewohnrath.com.br\/wp-content\/uploads\/2024\/08\/FD-Fotografia-AW_CBRE_001.jpg 2048w\" sizes=\"auto, (max-width: 1024px) 100vw, 1024px\" \/><\/figure>\n\n\n\n<p><em>Projeto da nova sede da CBRE, premiado no Design Awards  |  Foto: Douglas Costanzo<\/em><\/p>\n\n\n\n<p>No <a href=\"https:\/\/www.shawcontract.com\/pt-BR\/Design\/Design-Awards\">Design Awards, promovido pela Shaw Contract<\/a>, mais dois projetos premiados: o escrit\u00f3rio da CBRE e de uma Empresa de Consultoria, ambos em S\u00e3o Paulo (SP). Neste ano, concorreram mais de 700 projetos de 36 pa\u00edses, e 43 foram selecionados como vencedores do Best of Region.<\/p>\n\n\n\n<h4 class=\"wp-block-heading\"><strong>Espa\u00e7os que conectam pessoas<\/strong><\/h4>\n\n\n\n<p>Em comum, os projetos contam com a expertise da Athi\u00e9 Wohnrath em tangibilizar os desejos e necessidades dos usu\u00e1rios dos espa\u00e7os. Por meio do human centered design, ou <a href=\"https:\/\/www.athiewohnrath.com.br\/en\/foco-nas-pessoas-reinventando-os-espacos-corporativos\/\">design centrado nas pessoas<\/a>, os projetos da a|w colocam as necessidades, prefer\u00eancias e experi\u00eancias dos usu\u00e1rios no centro das decis\u00f5es.<\/p>\n\n\n\n<p>\u201cEsse processo nos ajuda a encaminhar um projeto e d\u00e1 senso de pertencimento \u00e0 equipe. Eles sabem que tem um time de representantes que est\u00e1 l\u00e1, junto com os arquitetos, se posicionando sobre o que \u00e9 legal de ter no espa\u00e7o\u201d, diz Sergio Athi\u00e9, arquiteto e s\u00f3cio fundador do escrit\u00f3rio.<\/p>\n\n\n\n<figure class=\"wp-block-image size-full\"><img loading=\"lazy\" decoding=\"async\" width=\"886\" height=\"359\" src=\"https:\/\/www.athiewohnrath.com.br\/wp-content\/uploads\/2024\/08\/image.png\" alt=\"\" class=\"wp-image-13667\" srcset=\"https:\/\/www.athiewohnrath.com.br\/wp-content\/uploads\/2024\/08\/image.png 886w, https:\/\/www.athiewohnrath.com.br\/wp-content\/uploads\/2024\/08\/image-600x243.png 600w, https:\/\/www.athiewohnrath.com.br\/wp-content\/uploads\/2024\/08\/image-768x311.png 768w, https:\/\/www.athiewohnrath.com.br\/wp-content\/uploads\/2024\/08\/image-18x7.png 18w\" sizes=\"auto, (max-width: 886px) 100vw, 886px\" \/><\/figure>\n\n\n\n<p><em>Na recep\u00e7\u00e3o do escrit\u00f3rio da Livelo, em SP, mobili\u00e1rio residencial e biofilia d\u00e3o o clima de casa; projeto foi um dos ganhadores do Americas Property Awards  | Foto: Douglas Costanzo<\/em><\/p>\n\n\n\n<h4 class=\"wp-block-heading\">Satisfa\u00e7\u00e3o dos usu\u00e1rios<\/h4>\n\n\n\n<p>Para Danielle Lopes, Diretora de Pessoas, Planejamento &amp; Projetos da Livelo, o novo escrit\u00f3rio foi um fator muito importante de engajamento e colabora\u00e7\u00e3o entre as pessoas na volta ao escrit\u00f3rio, p\u00f3s-pandemia. Dois meses depois da entrega do novo espa\u00e7o, a empresa confirmou esse engajamento por meio de pesquisa interna.<\/p>\n\n\n\n<p><a href=\"https:\/\/www.athiewohnrath.com.br\/en\/posts-arquitetura\/livelo\/\"><em>+ Veja mais fotos do escrit\u00f3rio da Livelo<\/em><\/a><\/p>\n\n\n\n<p>\u201cO novo escrit\u00f3rio veio num novo momento da Livelo, de expans\u00e3o de neg\u00f3cios. Ent\u00e3o era preciso proporcionar espa\u00e7os de conviv\u00eancia, de descompress\u00e3o, divers\u00e3o, engajamento e colabora\u00e7\u00e3o. E n\u00e3o podia faltar aconchego, t\u00e3o bem representado pelo projeto de paisagismo e pelos espa\u00e7os de relaxamento\u201d, diz a executiva.<\/p>\n\n\n\n<figure class=\"wp-block-image size-full\"><img loading=\"lazy\" decoding=\"async\" width=\"680\" height=\"453\" src=\"https:\/\/www.athiewohnrath.com.br\/wp-content\/uploads\/2024\/08\/image-1.png\" alt=\"Escrit\u00f3rio moderno\" class=\"wp-image-13668\" srcset=\"https:\/\/www.athiewohnrath.com.br\/wp-content\/uploads\/2024\/08\/image-1.png 680w, https:\/\/www.athiewohnrath.com.br\/wp-content\/uploads\/2024\/08\/image-1-600x400.png 600w, https:\/\/www.athiewohnrath.com.br\/wp-content\/uploads\/2024\/08\/image-1-18x12.png 18w\" sizes=\"auto, (max-width: 680px) 100vw, 680px\" \/><figcaption class=\"wp-element-caption\"><em>\u00c1rea de conviv\u00eancia do escrit\u00f3rio da Reckitt, em S\u00e3o Paulo, um dos projetos ganhadores do Americas Property Awards | Foto: @alexandre.jafo<\/em><\/figcaption><\/figure>\n\n\n\n<p>Na opini\u00e3o de Fernando Tortorelli Canal, Head of Workplace, Facilities &amp; Real Estate LATAM do Grupo Reckitt, o pr\u00eamio \u201crefor\u00e7a tudo aquilo que j\u00e1 sentimos no dia a dia, com a transforma\u00e7\u00e3o que tivemos em nosso ambiente de trabalho, impactando as pessoas de maneira t\u00e3o positiva.\u201d<\/p>\n\n\n\n<p><a href=\"https:\/\/www.athiewohnrath.com.br\/en\/posts-arquitetura\/reckitt\/\"><em>+ Veja mais fotos do escrit\u00f3rio da Reckitt<\/em><\/a><\/p>\n\n\n\n<h4 class=\"wp-block-heading\"><strong>Novo marco urbano<\/strong><\/h4>\n\n\n\n<p>Na <a href=\"https:\/\/www.premiomasterimobiliario.com.br\/site\/\">30\u00aa edi\u00e7\u00e3o do Pr\u00eamio Master Imobili\u00e1rio<\/a>, um empreendimento residencial foi o escolhido: o Pra\u00e7a Faria Lima, da a|w Realty, bra\u00e7o de incorpora\u00e7\u00e3o da a|w. O projeto, que une conforto, design e responsabilidade ambiental, foi reconhecido por sua excel\u00eancia em arquitetura, inova\u00e7\u00e3o e contribui\u00e7\u00e3o ao desenvolvimento urbano.<\/p>\n\n\n\n<figure class=\"wp-block-image size-large\"><img loading=\"lazy\" decoding=\"async\" width=\"1024\" height=\"576\" src=\"https:\/\/www.athiewohnrath.com.br\/wp-content\/uploads\/2024\/08\/Praca-Faria-Lima-Athie-Wohnrath-colagem-1024x576.jpg\" alt=\"\" class=\"wp-image-13876\" srcset=\"https:\/\/www.athiewohnrath.com.br\/wp-content\/uploads\/2024\/08\/Praca-Faria-Lima-Athie-Wohnrath-colagem-1024x576.jpg 1024w, https:\/\/www.athiewohnrath.com.br\/wp-content\/uploads\/2024\/08\/Praca-Faria-Lima-Athie-Wohnrath-colagem-600x338.jpg 600w, https:\/\/www.athiewohnrath.com.br\/wp-content\/uploads\/2024\/08\/Praca-Faria-Lima-Athie-Wohnrath-colagem-768x432.jpg 768w, https:\/\/www.athiewohnrath.com.br\/wp-content\/uploads\/2024\/08\/Praca-Faria-Lima-Athie-Wohnrath-colagem-1536x864.jpg 1536w, https:\/\/www.athiewohnrath.com.br\/wp-content\/uploads\/2024\/08\/Praca-Faria-Lima-Athie-Wohnrath-colagem-18x10.jpg 18w, https:\/\/www.athiewohnrath.com.br\/wp-content\/uploads\/2024\/08\/Praca-Faria-Lima-Athie-Wohnrath-colagem-1100x620.jpg 1100w, https:\/\/www.athiewohnrath.com.br\/wp-content\/uploads\/2024\/08\/Praca-Faria-Lima-Athie-Wohnrath-colagem.jpg 1920w\" sizes=\"auto, (max-width: 1024px) 100vw, 1024px\" \/><\/figure>\n\n\n\n<p><em>\u00c1reas comuns do Pra\u00e7a Faria Lima, empreendimento da a|w Realty que levou o pr\u00eamio Master Imobili\u00e1rio na categoria residencial  |  Fotos: Douglas Costanzo e Paulo Barbagli<\/em><\/p>\n\n\n\n<p>Outro diferencial do Pra\u00e7a Faria Lima \u00e9 integrar resid\u00eancias, \u00e1reas comerciais e espa\u00e7os de conviv\u00eancia em uma das regi\u00f5es mais din\u00e2micas da capital paulista, promovendo um novo conceito de moradia e qualidade de vida. <\/p>\n\n\n\n<p>Esse pr\u00eamio representa o compromisso da a|w Realty em criar projetos que n\u00e3o apenas atendem \u00e0s necessidades do mercado, mas que tamb\u00e9m elevam o padr\u00e3o de vida e revitalizam o tecido urbano. Ao mesmo tempo, fortalece a presen\u00e7a da empresa como refer\u00eancia em inova\u00e7\u00e3o e sustentabilidade no setor imobili\u00e1rio.<\/p>\n\n\n\n<p><a href=\"https:\/\/awrealty.com.br\/empreendimento\/praca-faria-lima\/#\/\"><em>+ Saiba mais sobre o empreendimento Pra\u00e7a Faria Lima<\/em><\/a><\/p>\n\n\n\n<h5 class=\"wp-block-heading\"><strong><em>Sobre os projetos<\/em><\/strong><\/h5>\n\n\n\n<h6 class=\"wp-block-heading\"><strong>Livelo<\/strong><\/h6>\n\n\n\n<p>Com o fim da pandemia, a Livelo decidiu reformular seu escrit\u00f3rio em S\u00e3o Paulo para promover um ambiente mais acolhedor e inclusivo, com um clima de &#8220;home feeling&#8221;. O resultado \u00e9 um projeto recheado de plantas, madeira e mobili\u00e1rio residencial, no qual o \u201cmar de mesas\u201d deu lugar a espa\u00e7os colaborativos e modulares.<\/p>\n\n\n\n<p>Criamos uma \u00e1rea de descompress\u00e3o vibrante e colorida, para atender os frequentes happy hours, almo\u00e7os e eventos que acontecem na empresa.<\/p>\n\n\n\n<h6 class=\"wp-block-heading\"><strong>Reckitt<\/strong><\/h6>\n\n\n\n<p>Depois de uma significativa reformula\u00e7\u00e3o de marca, o escrit\u00f3rio da Reckitt passou por uma reestrutura\u00e7\u00e3o para refletir sua nova identidade, com design mais aberto e conectado. As salas dos diretores passaram por uma remodela\u00e7\u00e3o, para serem mais flex\u00edveis e multifuncionais, alinhando-se ao movimento de horizontaliza\u00e7\u00e3o e humaniza\u00e7\u00e3o do espa\u00e7o corporativo.<\/p>\n\n\n\n<p>Os espa\u00e7os modulares foram uma adi\u00e7\u00e3o significativa ao projeto, proporcionando um ambiente de trabalho mais din\u00e2mico. Com mesas de altura regul\u00e1vel e diferentes tipologias de espa\u00e7os, o escrit\u00f3rio se adapta \u00e0s necessidades dos colaboradores. A \u00e1rea de encontro e colabora\u00e7\u00e3o tornou-se um ponto focal: um c\u00edrculo crom\u00e1tico que integra todos os produtos de maneira sutil e conecta os diferentes espa\u00e7os.<\/p>\n\n\n\n<h6 class=\"wp-block-heading\"><strong>CBRE<\/strong><\/h6>\n\n\n\n<p><a href=\"https:\/\/www.cbre.com.br\/insights\/case-studies\/cbre-workplace360-sao-paulo\">A nova sede da CBRE<\/a> recebeu o Design Awards da Shaw Contract, na categoria <em>Community e Floor Architecture<\/em>. Alinhado ao modelo global e aos guides internacionais da marca, o Workplace 360, este projeto traz um design inovador com foco em tecnologia e flexibilidade. Par isso, incorpora diversas tipologias de espa\u00e7o, o que permite que colaboradores e equipes trabalhem de forma mais din\u00e2mica.<\/p>\n\n\n\n<figure class=\"wp-block-image size-large is-resized\"><img loading=\"lazy\" decoding=\"async\" width=\"1024\" height=\"683\" src=\"https:\/\/www.athiewohnrath.com.br\/wp-content\/uploads\/2024\/08\/11_BCG-1024x683.jpg\" alt=\"\" class=\"wp-image-13923\" style=\"width:840px;height:auto\" srcset=\"https:\/\/www.athiewohnrath.com.br\/wp-content\/uploads\/2024\/08\/11_BCG-1024x683.jpg 1024w, https:\/\/www.athiewohnrath.com.br\/wp-content\/uploads\/2024\/08\/11_BCG-600x400.jpg 600w, https:\/\/www.athiewohnrath.com.br\/wp-content\/uploads\/2024\/08\/11_BCG-768x512.jpg 768w, https:\/\/www.athiewohnrath.com.br\/wp-content\/uploads\/2024\/08\/11_BCG-1536x1024.jpg 1536w, https:\/\/www.athiewohnrath.com.br\/wp-content\/uploads\/2024\/08\/11_BCG-18x12.jpg 18w, https:\/\/www.athiewohnrath.com.br\/wp-content\/uploads\/2024\/08\/11_BCG.jpg 2048w\" sizes=\"auto, (max-width: 1024px) 100vw, 1024px\" \/><\/figure>\n\n\n\n<p><em>Recep\u00e7\u00e3o de empresa de consultoria com projeto selecionado pelo Design Awards  |  Foto: @alexandre.jafo<\/em><\/p>\n\n\n\n<h6 class=\"wp-block-heading\"><strong>Empresa de Consultoria<\/strong><\/h6>\n\n\n\n<p>Cada espa\u00e7o foi planejado para criar uma atmosfera envolvente e confort\u00e1vel. Al\u00e9m disso, o projeto incorporou solu\u00e7\u00f5es e produtos sustent\u00e1veis, desde a escolha de materiais at\u00e9 o consumo eficiente de energia e \u00e1gua.<\/p>","protected":false},"excerpt":{"rendered":"<p>A Athi\u00e9 Wohnrath, refer\u00eancia em arquitetura e constru\u00e7\u00e3o corporativa, recebeu alguns dos principais pr\u00eamios nacionais e internacionais do setor: 3 Americas Property Awards, 2 Design Awards e 1 Master Imobili\u00e1rio.<\/p>","protected":false},"author":2,"featured_media":14640,"comment_status":"open","ping_status":"open","sticky":false,"template":"","format":"standard","meta":{"footnotes":""},"categories":[41],"tags":[57,50,63,46,59,54,60,62,53,56,61],"class_list":["post-13666","post","type-post","status-publish","format-standard","has-post-thumbnail","hentry","category-arquitetura","tag-americas-property-awards","tag-arquitetura","tag-cbre","tag-construcao","tag-design-awards","tag-interior","tag-livelo","tag-pracca-faria-lima","tag-premio","tag-premio-master-imobiliario","tag-reckitt"],"yoast_head":"<!-- This site is optimized with the Yoast SEO plugin v22.4 - https:\/\/yoast.com\/wordpress\/plugins\/seo\/ -->\n<title>a|w recebe alguns dos principais pr\u00eamios do setor; conhe\u00e7a os projetos - Athi\u00e9 | Wohnrath<\/title>\n<meta name=\"description\" content=\"A Athi\u00e9 Wohnrath teve cinco projetos reconhecidos por alguns dos principais pr\u00eamios nacionais e internacionais do setor.\" \/>\n<meta name=\"robots\" content=\"index, follow, max-snippet:-1, max-image-preview:large, max-video-preview:-1\" \/>\n<link rel=\"canonical\" href=\"https:\/\/www.athiewohnrath.com.br\/en\/premios\/\" \/>\n<meta property=\"og:locale\" content=\"en_US\" \/>\n<meta property=\"og:type\" content=\"article\" \/>\n<meta property=\"og:title\" content=\"a|w recebe alguns dos principais pr\u00eamios do setor; conhe\u00e7a os projetos - Athi\u00e9 | Wohnrath\" \/>\n<meta property=\"og:description\" content=\"A Athi\u00e9 Wohnrath teve cinco projetos reconhecidos por alguns dos principais pr\u00eamios nacionais e internacionais do setor.\" \/>\n<meta property=\"og:url\" content=\"https:\/\/www.athiewohnrath.com.br\/en\/premios\/\" \/>\n<meta property=\"og:site_name\" content=\"Athi\u00e9 | Wohnrath\" \/>\n<meta property=\"article:published_time\" content=\"2024-08-30T19:34:25+00:00\" \/>\n<meta property=\"article:modified_time\" content=\"2024-09-06T14:25:14+00:00\" \/>\n<meta property=\"og:image\" content=\"https:\/\/www.athiewohnrath.com.br\/wp-content\/uploads\/2024\/08\/FD-Fotografia-_-AW_Realty_PracaFariaLima_092-1024x683.jpg\" \/>\n\t<meta property=\"og:image:width\" content=\"1024\" \/>\n\t<meta property=\"og:image:height\" content=\"683\" \/>\n\t<meta property=\"og:image:type\" content=\"image\/jpeg\" \/>\n<meta name=\"author\" content=\"Lucca\" \/>\n<meta name=\"twitter:card\" content=\"summary_large_image\" \/>\n<meta name=\"twitter:label1\" content=\"Written by\" \/>\n\t<meta name=\"twitter:data1\" content=\"Lucca\" \/>\n\t<meta name=\"twitter:label2\" content=\"Est. reading time\" \/>\n\t<meta name=\"twitter:data2\" content=\"7 minutes\" \/>\n<script type=\"application\/ld+json\" class=\"yoast-schema-graph\">{\"@context\":\"https:\/\/schema.org\",\"@graph\":[{\"@type\":\"WebPage\",\"@id\":\"https:\/\/www.athiewohnrath.com.br\/premios\/\",\"url\":\"https:\/\/www.athiewohnrath.com.br\/premios\/\",\"name\":\"a|w recebe alguns dos principais pr\u00eamios do setor; conhe\u00e7a os projetos - Athi\u00e9 | Wohnrath\",\"isPartOf\":{\"@id\":\"https:\/\/www.athiewohnrath.com.br\/#website\"},\"primaryImageOfPage\":{\"@id\":\"https:\/\/www.athiewohnrath.com.br\/premios\/#primaryimage\"},\"image\":{\"@id\":\"https:\/\/www.athiewohnrath.com.br\/premios\/#primaryimage\"},\"thumbnailUrl\":\"https:\/\/www.athiewohnrath.com.br\/wp-content\/uploads\/2024\/08\/FD-Fotografia-_-AW_Realty_PracaFariaLima_092.jpg\",\"datePublished\":\"2024-08-30T19:34:25+00:00\",\"dateModified\":\"2024-09-06T14:25:14+00:00\",\"author\":{\"@id\":\"https:\/\/www.athiewohnrath.com.br\/#\/schema\/person\/17effc9ed07bdab731c7ce20b495adc7\"},\"description\":\"A Athi\u00e9 Wohnrath teve cinco projetos reconhecidos por alguns dos principais pr\u00eamios nacionais e internacionais do setor.\",\"breadcrumb\":{\"@id\":\"https:\/\/www.athiewohnrath.com.br\/premios\/#breadcrumb\"},\"inLanguage\":\"en-US\",\"potentialAction\":[{\"@type\":\"ReadAction\",\"target\":[\"https:\/\/www.athiewohnrath.com.br\/premios\/\"]}]},{\"@type\":\"ImageObject\",\"inLanguage\":\"en-US\",\"@id\":\"https:\/\/www.athiewohnrath.com.br\/premios\/#primaryimage\",\"url\":\"https:\/\/www.athiewohnrath.com.br\/wp-content\/uploads\/2024\/08\/FD-Fotografia-_-AW_Realty_PracaFariaLima_092.jpg\",\"contentUrl\":\"https:\/\/www.athiewohnrath.com.br\/wp-content\/uploads\/2024\/08\/FD-Fotografia-_-AW_Realty_PracaFariaLima_092.jpg\",\"width\":2160,\"height\":1440,\"caption\":\"\u00c1rea comum do edif\u00edcio Pra\u00e7a Faria Lima, empreendimento projetado e constru\u00eddo pela Athi\u00e9 Wohnrath | Foto Douglas Costanzo\"},{\"@type\":\"BreadcrumbList\",\"@id\":\"https:\/\/www.athiewohnrath.com.br\/premios\/#breadcrumb\",\"itemListElement\":[{\"@type\":\"ListItem\",\"position\":1,\"name\":\"In\u00edcio\",\"item\":\"https:\/\/www.athiewohnrath.com.br\/\"},{\"@type\":\"ListItem\",\"position\":2,\"name\":\"a|w recebe alguns dos principais pr\u00eamios do setor; conhe\u00e7a os projetos\"}]},{\"@type\":\"WebSite\",\"@id\":\"https:\/\/www.athiewohnrath.com.br\/#website\",\"url\":\"https:\/\/www.athiewohnrath.com.br\/\",\"name\":\"Athi\u00e9 | Wohnrath\",\"description\":\"Inspire-se.\",\"potentialAction\":[{\"@type\":\"SearchAction\",\"target\":{\"@type\":\"EntryPoint\",\"urlTemplate\":\"https:\/\/www.athiewohnrath.com.br\/?s={search_term_string}\"},\"query-input\":\"required name=search_term_string\"}],\"inLanguage\":\"en-US\"},{\"@type\":\"Person\",\"@id\":\"https:\/\/www.athiewohnrath.com.br\/#\/schema\/person\/17effc9ed07bdab731c7ce20b495adc7\",\"name\":\"Lucca\",\"image\":{\"@type\":\"ImageObject\",\"inLanguage\":\"en-US\",\"@id\":\"https:\/\/www.athiewohnrath.com.br\/#\/schema\/person\/image\/\",\"url\":\"https:\/\/secure.gravatar.com\/avatar\/ccb48b0b890fc2095d4121eaf9a5e544354f291d5d3ba4f2a1ff15ac77168550?s=96&d=mm&r=g\",\"contentUrl\":\"https:\/\/secure.gravatar.com\/avatar\/ccb48b0b890fc2095d4121eaf9a5e544354f291d5d3ba4f2a1ff15ac77168550?s=96&d=mm&r=g\",\"caption\":\"Lucca\"},\"url\":\"https:\/\/www.athiewohnrath.com.br\/en\/author\/aw_temp\/\"}]}<\/script>\n<!-- \/ Yoast SEO plugin. -->","yoast_head_json":{"title":"a|w recebe alguns dos principais pr\u00eamios do setor; conhe\u00e7a os projetos - Athi\u00e9 | Wohnrath","description":"A Athi\u00e9 Wohnrath teve cinco projetos reconhecidos por alguns dos principais pr\u00eamios nacionais e internacionais do setor.","robots":{"index":"index","follow":"follow","max-snippet":"max-snippet:-1","max-image-preview":"max-image-preview:large","max-video-preview":"max-video-preview:-1"},"canonical":"https:\/\/www.athiewohnrath.com.br\/en\/premios\/","og_locale":"en_US","og_type":"article","og_title":"a|w recebe alguns dos principais pr\u00eamios do setor; conhe\u00e7a os projetos - Athi\u00e9 | Wohnrath","og_description":"A Athi\u00e9 Wohnrath teve cinco projetos reconhecidos por alguns dos principais pr\u00eamios nacionais e internacionais do setor.","og_url":"https:\/\/www.athiewohnrath.com.br\/en\/premios\/","og_site_name":"Athi\u00e9 | Wohnrath","article_published_time":"2024-08-30T19:34:25+00:00","article_modified_time":"2024-09-06T14:25:14+00:00","og_image":[{"width":1024,"height":683,"url":"https:\/\/www.athiewohnrath.com.br\/wp-content\/uploads\/2024\/08\/FD-Fotografia-_-AW_Realty_PracaFariaLima_092-1024x683.jpg","type":"image\/jpeg"}],"author":"Lucca","twitter_card":"summary_large_image","twitter_misc":{"Written by":"Lucca","Est. reading time":"7 minutes"},"schema":{"@context":"https:\/\/schema.org","@graph":[{"@type":"WebPage","@id":"https:\/\/www.athiewohnrath.com.br\/premios\/","url":"https:\/\/www.athiewohnrath.com.br\/premios\/","name":"a|w recebe alguns dos principais pr\u00eamios do setor; conhe\u00e7a os projetos - Athi\u00e9 | Wohnrath","isPartOf":{"@id":"https:\/\/www.athiewohnrath.com.br\/#website"},"primaryImageOfPage":{"@id":"https:\/\/www.athiewohnrath.com.br\/premios\/#primaryimage"},"image":{"@id":"https:\/\/www.athiewohnrath.com.br\/premios\/#primaryimage"},"thumbnailUrl":"https:\/\/www.athiewohnrath.com.br\/wp-content\/uploads\/2024\/08\/FD-Fotografia-_-AW_Realty_PracaFariaLima_092.jpg","datePublished":"2024-08-30T19:34:25+00:00","dateModified":"2024-09-06T14:25:14+00:00","author":{"@id":"https:\/\/www.athiewohnrath.com.br\/#\/schema\/person\/17effc9ed07bdab731c7ce20b495adc7"},"description":"A Athi\u00e9 Wohnrath teve cinco projetos reconhecidos por alguns dos principais pr\u00eamios nacionais e internacionais do setor.","breadcrumb":{"@id":"https:\/\/www.athiewohnrath.com.br\/premios\/#breadcrumb"},"inLanguage":"en-US","potentialAction":[{"@type":"ReadAction","target":["https:\/\/www.athiewohnrath.com.br\/premios\/"]}]},{"@type":"ImageObject","inLanguage":"en-US","@id":"https:\/\/www.athiewohnrath.com.br\/premios\/#primaryimage","url":"https:\/\/www.athiewohnrath.com.br\/wp-content\/uploads\/2024\/08\/FD-Fotografia-_-AW_Realty_PracaFariaLima_092.jpg","contentUrl":"https:\/\/www.athiewohnrath.com.br\/wp-content\/uploads\/2024\/08\/FD-Fotografia-_-AW_Realty_PracaFariaLima_092.jpg","width":2160,"height":1440,"caption":"\u00c1rea comum do edif\u00edcio Pra\u00e7a Faria Lima, empreendimento projetado e constru\u00eddo pela Athi\u00e9 Wohnrath | Foto Douglas Costanzo"},{"@type":"BreadcrumbList","@id":"https:\/\/www.athiewohnrath.com.br\/premios\/#breadcrumb","itemListElement":[{"@type":"ListItem","position":1,"name":"In\u00edcio","item":"https:\/\/www.athiewohnrath.com.br\/"},{"@type":"ListItem","position":2,"name":"a|w recebe alguns dos principais pr\u00eamios do setor; conhe\u00e7a os projetos"}]},{"@type":"WebSite","@id":"https:\/\/www.athiewohnrath.com.br\/#website","url":"https:\/\/www.athiewohnrath.com.br\/","name":"Athi\u00e9 | Wohnrath","description":"Inspire-se.","potentialAction":[{"@type":"SearchAction","target":{"@type":"EntryPoint","urlTemplate":"https:\/\/www.athiewohnrath.com.br\/?s={search_term_string}"},"query-input":"required name=search_term_string"}],"inLanguage":"en-US"},{"@type":"Person","@id":"https:\/\/www.athiewohnrath.com.br\/#\/schema\/person\/17effc9ed07bdab731c7ce20b495adc7","name":"Lucca","image":{"@type":"ImageObject","inLanguage":"en-US","@id":"https:\/\/www.athiewohnrath.com.br\/#\/schema\/person\/image\/","url":"https:\/\/secure.gravatar.com\/avatar\/ccb48b0b890fc2095d4121eaf9a5e544354f291d5d3ba4f2a1ff15ac77168550?s=96&d=mm&r=g","contentUrl":"https:\/\/secure.gravatar.com\/avatar\/ccb48b0b890fc2095d4121eaf9a5e544354f291d5d3ba4f2a1ff15ac77168550?s=96&d=mm&r=g","caption":"Lucca"},"url":"https:\/\/www.athiewohnrath.com.br\/en\/author\/aw_temp\/"}]}},"_links":{"self":[{"href":"https:\/\/www.athiewohnrath.com.br\/en\/wp-json\/wp\/v2\/posts\/13666","targetHints":{"allow":["GET"]}}],"collection":[{"href":"https:\/\/www.athiewohnrath.com.br\/en\/wp-json\/wp\/v2\/posts"}],"about":[{"href":"https:\/\/www.athiewohnrath.com.br\/en\/wp-json\/wp\/v2\/types\/post"}],"author":[{"embeddable":true,"href":"https:\/\/www.athiewohnrath.com.br\/en\/wp-json\/wp\/v2\/users\/2"}],"replies":[{"embeddable":true,"href":"https:\/\/www.athiewohnrath.com.br\/en\/wp-json\/wp\/v2\/comments?post=13666"}],"version-history":[{"count":12,"href":"https:\/\/www.athiewohnrath.com.br\/en\/wp-json\/wp\/v2\/posts\/13666\/revisions"}],"predecessor-version":[{"id":14646,"href":"https:\/\/www.athiewohnrath.com.br\/en\/wp-json\/wp\/v2\/posts\/13666\/revisions\/14646"}],"wp:featuredmedia":[{"embeddable":true,"href":"https:\/\/www.athiewohnrath.com.br\/en\/wp-json\/wp\/v2\/media\/14640"}],"wp:attachment":[{"href":"https:\/\/www.athiewohnrath.com.br\/en\/wp-json\/wp\/v2\/media?parent=13666"}],"wp:term":[{"taxonomy":"category","embeddable":true,"href":"https:\/\/www.athiewohnrath.com.br\/en\/wp-json\/wp\/v2\/categories?post=13666"},{"taxonomy":"post_tag","embeddable":true,"href":"https:\/\/www.athiewohnrath.com.br\/en\/wp-json\/wp\/v2\/tags?post=13666"}],"curies":[{"name":"wp","href":"https:\/\/api.w.org\/{rel}","templated":true}]}}