{"id":15209,"date":"2024-09-17T15:49:43","date_gmt":"2024-09-17T18:49:43","guid":{"rendered":"https:\/\/www.athiewohnrath.com.br\/?p=15209"},"modified":"2024-09-17T15:58:14","modified_gmt":"2024-09-17T18:58:14","slug":"o-papel-da-neuroarquitetura-nos-escritorios","status":"publish","type":"post","link":"https:\/\/www.athiewohnrath.com.br\/en\/o-papel-da-neuroarquitetura-nos-escritorios\/","title":{"rendered":"O papel da neuroarquitetura nos escrit\u00f3rios"},"content":{"rendered":"<p><em>Descubra como o uso de neuroci\u00eancia no design corporativo pode melhorar a concentra\u00e7\u00e3o, a criatividade e o bem-estar dos colaboradores<\/em><\/p>\n\n\n\n<p>Sabe quando voc\u00ea entra em um lugar e seu humor muda \u2013 voc\u00ea se sente mais leve, mais concentrado ou at\u00e9 mais feliz? Esse fen\u00f4meno tem nome: neuroarquitetura, a pr\u00e1tica de projetar espa\u00e7os que \u2018falam\u2019 com o c\u00e9rebro de forma subliminar.<\/p>\n\n\n\n<p>A neuroarquitetura analisa como o design dos espa\u00e7os influencia diretamente nossas emo\u00e7\u00f5es e nosso estado mental. E est\u00e1 mudando a maneira como vivemos, trabalhamos e interagimos com o mundo ao nosso redor.<\/p>\n\n\n\n<figure class=\"wp-block-image size-large\"><img loading=\"lazy\" decoding=\"async\" width=\"1024\" height=\"683\" src=\"https:\/\/www.athiewohnrath.com.br\/wp-content\/uploads\/2024\/09\/PwC-Florianopolis-Web-11-1024x683.jpg\" alt=\"\" class=\"wp-image-15273\" srcset=\"https:\/\/www.athiewohnrath.com.br\/wp-content\/uploads\/2024\/09\/PwC-Florianopolis-Web-11-1024x683.jpg 1024w, https:\/\/www.athiewohnrath.com.br\/wp-content\/uploads\/2024\/09\/PwC-Florianopolis-Web-11-600x400.jpg 600w, https:\/\/www.athiewohnrath.com.br\/wp-content\/uploads\/2024\/09\/PwC-Florianopolis-Web-11-768x512.jpg 768w, https:\/\/www.athiewohnrath.com.br\/wp-content\/uploads\/2024\/09\/PwC-Florianopolis-Web-11-1536x1024.jpg 1536w, https:\/\/www.athiewohnrath.com.br\/wp-content\/uploads\/2024\/09\/PwC-Florianopolis-Web-11-2048x1365.jpg 2048w, https:\/\/www.athiewohnrath.com.br\/wp-content\/uploads\/2024\/09\/PwC-Florianopolis-Web-11-18x12.jpg 18w\" sizes=\"auto, (max-width: 1024px) 100vw, 1024px\" \/><\/figure>\n\n\n\n<p><em>O escrit\u00f3rio da PwC em Florian\u00f3polis combina muita biofilia com luz natural | Foto: Luis Agostinho<\/em><\/p>\n\n\n\n<h4 class=\"wp-block-heading\"><strong>Neuroarquitetura nos ambientes corporativos<\/strong><\/h4>\n\n\n\n<p>Nos escrit\u00f3rios, essa abordagem est\u00e1 sendo utilizada para melhorar a produtividade, a criatividade e a qualidade de vida dos colaboradores. Por meio da aplica\u00e7\u00e3o de cores, luz, som e design estrat\u00e9gico, a neuroarquitetura cria ambientes que promovem a sa\u00fade mental e aumentam o desempenho no trabalho.<\/p>\n\n\n\n<p>Fatores como a cor das paredes, a disposi\u00e7\u00e3o dos m\u00f3veis e a qualidade da ilumina\u00e7\u00e3o podem afetar o humor, os n\u00edveis de estresse e a capacidade cognitiva dos trabalhadores, segundo pesquisas.<\/p>\n\n\n\n<h4 class=\"wp-block-heading\"><strong>A influ\u00eancia das cores<\/strong><\/h4>\n\n\n\n<p>Em um estudo realizado pela Universidade de Essex, os pesquisadores descobriram que a adi\u00e7\u00e3o de plantas no escrit\u00f3rio aumentou a produtividade em 15%. Al\u00e9m disso, a cor verde est\u00e1 associada \u00e0 natureza e ao equil\u00edbrio, o que pode criar uma sensa\u00e7\u00e3o de calma e reduzir os n\u00edveis de estresse. <\/p>\n\n\n\n<p>Em contrapartida, cores brilhantes e ousadas, como vermelho e amarelo, podem ser excessivamente estimulantes e causar ansiedade. <\/p>\n\n\n\n<p>Um estudo da Universidade do Texas constatou que trabalhadores em um ambiente vermelho cometiam mais erros e eram menos produtivos do que aqueles em um ambiente azul. J\u00e1 o amarelo pode ser estimulante, mas se usado em excesso, pode causar cansa\u00e7o e fadiga ocular.<\/p>\n\n\n\n<figure class=\"wp-block-image size-large is-resized\"><img loading=\"lazy\" decoding=\"async\" width=\"1024\" height=\"683\" src=\"https:\/\/www.athiewohnrath.com.br\/wp-content\/uploads\/2024\/09\/FD-Fotografia-AW_Zurich_053-1024x683.jpg\" alt=\"\" class=\"wp-image-15269\" style=\"width:840px;height:auto\" srcset=\"https:\/\/www.athiewohnrath.com.br\/wp-content\/uploads\/2024\/09\/FD-Fotografia-AW_Zurich_053-1024x683.jpg 1024w, https:\/\/www.athiewohnrath.com.br\/wp-content\/uploads\/2024\/09\/FD-Fotografia-AW_Zurich_053-600x400.jpg 600w, https:\/\/www.athiewohnrath.com.br\/wp-content\/uploads\/2024\/09\/FD-Fotografia-AW_Zurich_053-768x512.jpg 768w, https:\/\/www.athiewohnrath.com.br\/wp-content\/uploads\/2024\/09\/FD-Fotografia-AW_Zurich_053-1536x1024.jpg 1536w, https:\/\/www.athiewohnrath.com.br\/wp-content\/uploads\/2024\/09\/FD-Fotografia-AW_Zurich_053-2048x1365.jpg 2048w, https:\/\/www.athiewohnrath.com.br\/wp-content\/uploads\/2024\/09\/FD-Fotografia-AW_Zurich_053-18x12.jpg 18w\" sizes=\"auto, (max-width: 1024px) 100vw, 1024px\" \/><\/figure>\n\n\n\n<p><em>O projeto da Zurich Seguros aproveita ao m\u00e1ximo a luz natural do escrit\u00f3rio | Foto: Douglas Costanzo<\/em><\/p>\n\n\n\n<h4 class=\"wp-block-heading\"><strong>Luz natural e ar fresco<\/strong><\/h4>\n\n\n\n<p>Outro elemento central da neuroarquitetura \u00e9 a utiliza\u00e7\u00e3o da luz natural e a melhoria da ventila\u00e7\u00e3o. Um estudo conduzido pela <a href=\"https:\/\/www.hsph.harvard.edu\/\">Harvard T.H. Chan School of Public Health<\/a> mostrou que ambientes com maior entrada de luz natural e boa ventila\u00e7\u00e3o favorecem o aumento da capacidade cognitiva, al\u00e9m de reduzir a sensa\u00e7\u00e3o de cansa\u00e7o.<\/p>\n\n\n\n<p>Esses espa\u00e7os proporcionam uma melhora significativa na disposi\u00e7\u00e3o e no foco, especialmente em tarefas mais complexas.<\/p>\n\n\n\n<p>Al\u00e9m disso, a luz natural tem um impacto direto no ritmo circadiano, ajudando os colaboradores a manterem uma rotina saud\u00e1vel de sono. O que resulta em maior engajamento e menor absente\u00edsmo.<\/p>\n\n\n\n<h4 class=\"wp-block-heading\"><strong>Chiaroscuro e criatividade<\/strong><\/h4>\n\n\n\n<p>Ambientes mais escuros podem estimular estados mentais mais criativos, enquanto ambientes mais claros incentivam pensamentos mais anal\u00edticos e l\u00f3gicos.<\/p>\n\n\n\n<p>Segundo um estudo da <a href=\"https:\/\/www.uni-heidelberg.de\/en\">Universidade de Heidelberg<\/a> que explora como a ilumina\u00e7\u00e3o influencia o tipo de pensamento e a criatividade dos indiv\u00edduos, espa\u00e7os com menos luz podem permitir pensamentos mais hol\u00edsticos e explorat\u00f3rios, facilitando a criatividade.<\/p>\n\n\n\n<p>Dessa forma, em certos casos, reduzir a ilumina\u00e7\u00e3o ou criar espa\u00e7os com luz mais suave pode ajudar a promover a criatividade e a inova\u00e7\u00e3o nas empresas.<\/p>\n\n\n\n<h4 class=\"wp-block-heading\"><strong>Recarregando as baterias<\/strong><\/h4>\n\n\n\n<p>A neuroarquitetura tamb\u00e9m \u00e9 eficaz na promo\u00e7\u00e3o do bem-estar emocional dos funcion\u00e1rios. A cria\u00e7\u00e3o de <a href=\"https:\/\/www.athiewohnrath.com.br\/en\/foco-nas-pessoas-reinventando-os-espacos-corporativos\/\">\u00e1reas de descompress\u00e3o<\/a>, onde os colaboradores podem relaxar e recuperar energia, \u00e9 uma pr\u00e1tica cada vez mais comum.<\/p>\n\n\n\n<p>A incorpora\u00e7\u00e3o de espa\u00e7os que estimulem a calma e o equil\u00edbrio emocional ajuda a reduzir o estresse e melhora o clima organizacional. Valem jardins internos, \u00e1reas de relaxamento com baixa luminosidade ou at\u00e9 red\u00e1rios.<\/p>\n\n\n\n<figure class=\"wp-block-image size-large\"><img loading=\"lazy\" decoding=\"async\" width=\"1024\" height=\"682\" src=\"https:\/\/www.athiewohnrath.com.br\/wp-content\/uploads\/2024\/09\/1098-1-1024x682.jpg\" alt=\"\" class=\"wp-image-15440\" srcset=\"https:\/\/www.athiewohnrath.com.br\/wp-content\/uploads\/2024\/09\/1098-1-1024x682.jpg 1024w, https:\/\/www.athiewohnrath.com.br\/wp-content\/uploads\/2024\/09\/1098-1-600x400.jpg 600w, https:\/\/www.athiewohnrath.com.br\/wp-content\/uploads\/2024\/09\/1098-1-768x512.jpg 768w, https:\/\/www.athiewohnrath.com.br\/wp-content\/uploads\/2024\/09\/1098-1-1536x1024.jpg 1536w, https:\/\/www.athiewohnrath.com.br\/wp-content\/uploads\/2024\/09\/1098-1-2048x1365.jpg 2048w, https:\/\/www.athiewohnrath.com.br\/wp-content\/uploads\/2024\/09\/1098-1-18x12.jpg 18w\" sizes=\"auto, (max-width: 1024px) 100vw, 1024px\" \/><\/figure>\n\n\n\n<p><em>\u00c1rea de descompress\u00e3o do escrit\u00f3rio da Danaher, em S\u00e3o Paulo | Foto: Raphael Briest<\/em><\/p>\n\n\n\n<h4 class=\"wp-block-heading\"><strong>Impactos Positivos<\/strong><\/h4>\n\n\n\n<p>\u00c0 medida que o mundo corporativo evolui, a neuroarquitetura oferece uma maneira inovadora de melhorar a performance e o bem-estar dos colaboradores.<\/p>\n\n\n\n<p>Ao investir em ambientes que combinam design inteligente com princ\u00edpios de neuroci\u00eancia, as empresas criam espa\u00e7os mais agrad\u00e1veis e fortalecem a produtividade e a satisfa\u00e7\u00e3o. O que tamb\u00e9m se reflete na atra\u00e7\u00e3o e na reten\u00e7\u00e3o de talentos.<\/p>","protected":false},"excerpt":{"rendered":"<p>O papel da neuroarquitetura nos escrit\u00f3rios: como o uso de neuroci\u00eancia no design corporativo pode melhorar a concentra\u00e7\u00e3o, a criatividade e o bem-estar dos colaboradores.<\/p>","protected":false},"author":2,"featured_media":15266,"comment_status":"open","ping_status":"open","sticky":false,"template":"","format":"standard","meta":{"footnotes":""},"categories":[41],"tags":[50,66,55,67,44,52,65,64,42],"class_list":["post-15209","post","type-post","status-publish","format-standard","has-post-thumbnail","hentry","category-arquitetura","tag-arquitetura","tag-bem-estar","tag-corporativo","tag-criatividade","tag-design","tag-escritorio","tag-neuroarquitetura","tag-neurociencia","tag-tendencia"],"yoast_head":"<!-- This site is optimized with the Yoast SEO plugin v22.4 - https:\/\/yoast.com\/wordpress\/plugins\/seo\/ -->\n<title>O papel da neuroarquitetura nos escrit\u00f3rios - Athi\u00e9 | Wohnrath<\/title>\n<meta name=\"description\" content=\"Como o uso da neuroarquitetura nos escrit\u00f3rios pode melhorar a concentra\u00e7\u00e3o, a criatividade e o bem-estar dos colaboradores\" \/>\n<meta name=\"robots\" content=\"index, follow, max-snippet:-1, max-image-preview:large, max-video-preview:-1\" \/>\n<link rel=\"canonical\" href=\"https:\/\/www.athiewohnrath.com.br\/en\/o-papel-da-neuroarquitetura-nos-escritorios\/\" \/>\n<meta property=\"og:locale\" content=\"en_US\" \/>\n<meta property=\"og:type\" content=\"article\" \/>\n<meta property=\"og:title\" content=\"O papel da neuroarquitetura nos escrit\u00f3rios - Athi\u00e9 | Wohnrath\" \/>\n<meta property=\"og:description\" content=\"Como o uso da neuroarquitetura nos escrit\u00f3rios pode melhorar a concentra\u00e7\u00e3o, a criatividade e o bem-estar dos colaboradores\" \/>\n<meta property=\"og:url\" content=\"https:\/\/www.athiewohnrath.com.br\/en\/o-papel-da-neuroarquitetura-nos-escritorios\/\" \/>\n<meta property=\"og:site_name\" content=\"Athi\u00e9 | Wohnrath\" \/>\n<meta property=\"article:published_time\" content=\"2024-09-17T18:49:43+00:00\" \/>\n<meta property=\"article:modified_time\" content=\"2024-09-17T18:58:14+00:00\" \/>\n<meta property=\"og:image\" content=\"https:\/\/www.athiewohnrath.com.br\/wp-content\/uploads\/2024\/09\/FD-Fotografia-AW_Zurich_014-scaled.jpg\" \/>\n\t<meta property=\"og:image:width\" content=\"2560\" \/>\n\t<meta property=\"og:image:height\" content=\"1712\" \/>\n\t<meta property=\"og:image:type\" content=\"image\/jpeg\" \/>\n<meta name=\"author\" content=\"Lucca\" \/>\n<meta name=\"twitter:card\" content=\"summary_large_image\" \/>\n<meta name=\"twitter:label1\" content=\"Written by\" \/>\n\t<meta name=\"twitter:data1\" content=\"Lucca\" \/>\n\t<meta name=\"twitter:label2\" content=\"Est. reading time\" \/>\n\t<meta name=\"twitter:data2\" content=\"5 minutes\" \/>\n<script type=\"application\/ld+json\" class=\"yoast-schema-graph\">{\"@context\":\"https:\/\/schema.org\",\"@graph\":[{\"@type\":\"WebPage\",\"@id\":\"https:\/\/www.athiewohnrath.com.br\/o-papel-da-neuroarquitetura-nos-escritorios\/\",\"url\":\"https:\/\/www.athiewohnrath.com.br\/o-papel-da-neuroarquitetura-nos-escritorios\/\",\"name\":\"O papel da neuroarquitetura nos escrit\u00f3rios - Athi\u00e9 | Wohnrath\",\"isPartOf\":{\"@id\":\"https:\/\/www.athiewohnrath.com.br\/#website\"},\"primaryImageOfPage\":{\"@id\":\"https:\/\/www.athiewohnrath.com.br\/o-papel-da-neuroarquitetura-nos-escritorios\/#primaryimage\"},\"image\":{\"@id\":\"https:\/\/www.athiewohnrath.com.br\/o-papel-da-neuroarquitetura-nos-escritorios\/#primaryimage\"},\"thumbnailUrl\":\"https:\/\/www.athiewohnrath.com.br\/wp-content\/uploads\/2024\/09\/FD-Fotografia-AW_Zurich_014-scaled.jpg\",\"datePublished\":\"2024-09-17T18:49:43+00:00\",\"dateModified\":\"2024-09-17T18:58:14+00:00\",\"author\":{\"@id\":\"https:\/\/www.athiewohnrath.com.br\/#\/schema\/person\/17effc9ed07bdab731c7ce20b495adc7\"},\"description\":\"Como o uso da neuroarquitetura nos escrit\u00f3rios pode melhorar a concentra\u00e7\u00e3o, a criatividade e o bem-estar dos colaboradores\",\"breadcrumb\":{\"@id\":\"https:\/\/www.athiewohnrath.com.br\/o-papel-da-neuroarquitetura-nos-escritorios\/#breadcrumb\"},\"inLanguage\":\"en-US\",\"potentialAction\":[{\"@type\":\"ReadAction\",\"target\":[\"https:\/\/www.athiewohnrath.com.br\/o-papel-da-neuroarquitetura-nos-escritorios\/\"]}]},{\"@type\":\"ImageObject\",\"inLanguage\":\"en-US\",\"@id\":\"https:\/\/www.athiewohnrath.com.br\/o-papel-da-neuroarquitetura-nos-escritorios\/#primaryimage\",\"url\":\"https:\/\/www.athiewohnrath.com.br\/wp-content\/uploads\/2024\/09\/FD-Fotografia-AW_Zurich_014-scaled.jpg\",\"contentUrl\":\"https:\/\/www.athiewohnrath.com.br\/wp-content\/uploads\/2024\/09\/FD-Fotografia-AW_Zurich_014-scaled.jpg\",\"width\":2560,\"height\":1712,\"caption\":\"O projeto da Zurich Seguros aproveita ao m\u00e1ximo a luz natural do escrit\u00f3rio | Foto: Douglas Costanzo\"},{\"@type\":\"BreadcrumbList\",\"@id\":\"https:\/\/www.athiewohnrath.com.br\/o-papel-da-neuroarquitetura-nos-escritorios\/#breadcrumb\",\"itemListElement\":[{\"@type\":\"ListItem\",\"position\":1,\"name\":\"In\u00edcio\",\"item\":\"https:\/\/www.athiewohnrath.com.br\/\"},{\"@type\":\"ListItem\",\"position\":2,\"name\":\"O papel da neuroarquitetura nos escrit\u00f3rios\"}]},{\"@type\":\"WebSite\",\"@id\":\"https:\/\/www.athiewohnrath.com.br\/#website\",\"url\":\"https:\/\/www.athiewohnrath.com.br\/\",\"name\":\"Athi\u00e9 | Wohnrath\",\"description\":\"Inspire-se.\",\"potentialAction\":[{\"@type\":\"SearchAction\",\"target\":{\"@type\":\"EntryPoint\",\"urlTemplate\":\"https:\/\/www.athiewohnrath.com.br\/?s={search_term_string}\"},\"query-input\":\"required name=search_term_string\"}],\"inLanguage\":\"en-US\"},{\"@type\":\"Person\",\"@id\":\"https:\/\/www.athiewohnrath.com.br\/#\/schema\/person\/17effc9ed07bdab731c7ce20b495adc7\",\"name\":\"Lucca\",\"image\":{\"@type\":\"ImageObject\",\"inLanguage\":\"en-US\",\"@id\":\"https:\/\/www.athiewohnrath.com.br\/#\/schema\/person\/image\/\",\"url\":\"https:\/\/secure.gravatar.com\/avatar\/ccb48b0b890fc2095d4121eaf9a5e544354f291d5d3ba4f2a1ff15ac77168550?s=96&d=mm&r=g\",\"contentUrl\":\"https:\/\/secure.gravatar.com\/avatar\/ccb48b0b890fc2095d4121eaf9a5e544354f291d5d3ba4f2a1ff15ac77168550?s=96&d=mm&r=g\",\"caption\":\"Lucca\"},\"url\":\"https:\/\/www.athiewohnrath.com.br\/en\/author\/aw_temp\/\"}]}<\/script>\n<!-- \/ Yoast SEO plugin. -->","yoast_head_json":{"title":"O papel da neuroarquitetura nos escrit\u00f3rios - Athi\u00e9 | Wohnrath","description":"Como o uso da neuroarquitetura nos escrit\u00f3rios pode melhorar a concentra\u00e7\u00e3o, a criatividade e o bem-estar dos colaboradores","robots":{"index":"index","follow":"follow","max-snippet":"max-snippet:-1","max-image-preview":"max-image-preview:large","max-video-preview":"max-video-preview:-1"},"canonical":"https:\/\/www.athiewohnrath.com.br\/en\/o-papel-da-neuroarquitetura-nos-escritorios\/","og_locale":"en_US","og_type":"article","og_title":"O papel da neuroarquitetura nos escrit\u00f3rios - Athi\u00e9 | Wohnrath","og_description":"Como o uso da neuroarquitetura nos escrit\u00f3rios pode melhorar a concentra\u00e7\u00e3o, a criatividade e o bem-estar dos colaboradores","og_url":"https:\/\/www.athiewohnrath.com.br\/en\/o-papel-da-neuroarquitetura-nos-escritorios\/","og_site_name":"Athi\u00e9 | Wohnrath","article_published_time":"2024-09-17T18:49:43+00:00","article_modified_time":"2024-09-17T18:58:14+00:00","og_image":[{"width":2560,"height":1712,"url":"https:\/\/www.athiewohnrath.com.br\/wp-content\/uploads\/2024\/09\/FD-Fotografia-AW_Zurich_014-scaled.jpg","type":"image\/jpeg"}],"author":"Lucca","twitter_card":"summary_large_image","twitter_misc":{"Written by":"Lucca","Est. reading time":"5 minutes"},"schema":{"@context":"https:\/\/schema.org","@graph":[{"@type":"WebPage","@id":"https:\/\/www.athiewohnrath.com.br\/o-papel-da-neuroarquitetura-nos-escritorios\/","url":"https:\/\/www.athiewohnrath.com.br\/o-papel-da-neuroarquitetura-nos-escritorios\/","name":"O papel da neuroarquitetura nos escrit\u00f3rios - Athi\u00e9 | Wohnrath","isPartOf":{"@id":"https:\/\/www.athiewohnrath.com.br\/#website"},"primaryImageOfPage":{"@id":"https:\/\/www.athiewohnrath.com.br\/o-papel-da-neuroarquitetura-nos-escritorios\/#primaryimage"},"image":{"@id":"https:\/\/www.athiewohnrath.com.br\/o-papel-da-neuroarquitetura-nos-escritorios\/#primaryimage"},"thumbnailUrl":"https:\/\/www.athiewohnrath.com.br\/wp-content\/uploads\/2024\/09\/FD-Fotografia-AW_Zurich_014-scaled.jpg","datePublished":"2024-09-17T18:49:43+00:00","dateModified":"2024-09-17T18:58:14+00:00","author":{"@id":"https:\/\/www.athiewohnrath.com.br\/#\/schema\/person\/17effc9ed07bdab731c7ce20b495adc7"},"description":"Como o uso da neuroarquitetura nos escrit\u00f3rios pode melhorar a concentra\u00e7\u00e3o, a criatividade e o bem-estar dos colaboradores","breadcrumb":{"@id":"https:\/\/www.athiewohnrath.com.br\/o-papel-da-neuroarquitetura-nos-escritorios\/#breadcrumb"},"inLanguage":"en-US","potentialAction":[{"@type":"ReadAction","target":["https:\/\/www.athiewohnrath.com.br\/o-papel-da-neuroarquitetura-nos-escritorios\/"]}]},{"@type":"ImageObject","inLanguage":"en-US","@id":"https:\/\/www.athiewohnrath.com.br\/o-papel-da-neuroarquitetura-nos-escritorios\/#primaryimage","url":"https:\/\/www.athiewohnrath.com.br\/wp-content\/uploads\/2024\/09\/FD-Fotografia-AW_Zurich_014-scaled.jpg","contentUrl":"https:\/\/www.athiewohnrath.com.br\/wp-content\/uploads\/2024\/09\/FD-Fotografia-AW_Zurich_014-scaled.jpg","width":2560,"height":1712,"caption":"O projeto da Zurich Seguros aproveita ao m\u00e1ximo a luz natural do escrit\u00f3rio | Foto: Douglas Costanzo"},{"@type":"BreadcrumbList","@id":"https:\/\/www.athiewohnrath.com.br\/o-papel-da-neuroarquitetura-nos-escritorios\/#breadcrumb","itemListElement":[{"@type":"ListItem","position":1,"name":"In\u00edcio","item":"https:\/\/www.athiewohnrath.com.br\/"},{"@type":"ListItem","position":2,"name":"O papel da neuroarquitetura nos escrit\u00f3rios"}]},{"@type":"WebSite","@id":"https:\/\/www.athiewohnrath.com.br\/#website","url":"https:\/\/www.athiewohnrath.com.br\/","name":"Athi\u00e9 | Wohnrath","description":"Inspire-se.","potentialAction":[{"@type":"SearchAction","target":{"@type":"EntryPoint","urlTemplate":"https:\/\/www.athiewohnrath.com.br\/?s={search_term_string}"},"query-input":"required name=search_term_string"}],"inLanguage":"en-US"},{"@type":"Person","@id":"https:\/\/www.athiewohnrath.com.br\/#\/schema\/person\/17effc9ed07bdab731c7ce20b495adc7","name":"Lucca","image":{"@type":"ImageObject","inLanguage":"en-US","@id":"https:\/\/www.athiewohnrath.com.br\/#\/schema\/person\/image\/","url":"https:\/\/secure.gravatar.com\/avatar\/ccb48b0b890fc2095d4121eaf9a5e544354f291d5d3ba4f2a1ff15ac77168550?s=96&d=mm&r=g","contentUrl":"https:\/\/secure.gravatar.com\/avatar\/ccb48b0b890fc2095d4121eaf9a5e544354f291d5d3ba4f2a1ff15ac77168550?s=96&d=mm&r=g","caption":"Lucca"},"url":"https:\/\/www.athiewohnrath.com.br\/en\/author\/aw_temp\/"}]}},"_links":{"self":[{"href":"https:\/\/www.athiewohnrath.com.br\/en\/wp-json\/wp\/v2\/posts\/15209","targetHints":{"allow":["GET"]}}],"collection":[{"href":"https:\/\/www.athiewohnrath.com.br\/en\/wp-json\/wp\/v2\/posts"}],"about":[{"href":"https:\/\/www.athiewohnrath.com.br\/en\/wp-json\/wp\/v2\/types\/post"}],"author":[{"embeddable":true,"href":"https:\/\/www.athiewohnrath.com.br\/en\/wp-json\/wp\/v2\/users\/2"}],"replies":[{"embeddable":true,"href":"https:\/\/www.athiewohnrath.com.br\/en\/wp-json\/wp\/v2\/comments?post=15209"}],"version-history":[{"count":6,"href":"https:\/\/www.athiewohnrath.com.br\/en\/wp-json\/wp\/v2\/posts\/15209\/revisions"}],"predecessor-version":[{"id":15442,"href":"https:\/\/www.athiewohnrath.com.br\/en\/wp-json\/wp\/v2\/posts\/15209\/revisions\/15442"}],"wp:featuredmedia":[{"embeddable":true,"href":"https:\/\/www.athiewohnrath.com.br\/en\/wp-json\/wp\/v2\/media\/15266"}],"wp:attachment":[{"href":"https:\/\/www.athiewohnrath.com.br\/en\/wp-json\/wp\/v2\/media?parent=15209"}],"wp:term":[{"taxonomy":"category","embeddable":true,"href":"https:\/\/www.athiewohnrath.com.br\/en\/wp-json\/wp\/v2\/categories?post=15209"},{"taxonomy":"post_tag","embeddable":true,"href":"https:\/\/www.athiewohnrath.com.br\/en\/wp-json\/wp\/v2\/tags?post=15209"}],"curies":[{"name":"wp","href":"https:\/\/api.w.org\/{rel}","templated":true}]}}