{"id":9246,"date":"2024-07-15T14:59:24","date_gmt":"2024-07-15T17:59:24","guid":{"rendered":"https:\/\/www.athiewohnrath.com.br\/?p=9246"},"modified":"2024-08-12T00:05:33","modified_gmt":"2024-08-12T03:05:33","slug":"aw-discute-tendencias-da-arquitetura-corporativa-na-casacor-sp","status":"publish","type":"post","link":"https:\/\/www.athiewohnrath.com.br\/en\/aw-discute-tendencias-da-arquitetura-corporativa-na-casacor-sp\/","title":{"rendered":"A|W discute tend\u00eancias da arquitetura corporativa na CASACOR SP"},"content":{"rendered":"<p>Modular spaces, rotating desks and offices that mix functionality with residential comfort are some of the main trends in corporate architecture.<\/p>\n\n\n\n<p>This information was shared by Sergio Athi\u00e9 and Bruna Murolo, respectively partner and conceptual architect at Athi\u00e9 Wohnrath, in the talk \u201cTrends and solutions applied to Corporate Architecture\u201d. The chat is part of a series promoted by Projeto magazine and Minimal Design, mediated by publisher Fernando Mungioli, and took place on June 3, at the Conex\u00e3o Minimal space, <a href=\"https:\/\/casacor.abril.com.br\/mostras\/sao-paulo\/\"><mark style=\"background-color:rgba(0, 0, 0, 0)\" class=\"has-inline-color has-vivid-cyan-blue-color\">at CASACOR SP<\/mark><\/a>.<\/p>\n\n\n\n<p>The choice could not be more appropriate: aa|w is a leader in corporate architecture in Latin America and one of the largest construction companies in Brazil. Founded in 1994 with the aim of filling a gap in the Brazilian corporate architecture market, it has evolved over the years and expanded its operations to incorporation and construction.<\/p>\n\n\n\n<p>In the talk, Sergio and Bruna highlighted the role of technology in the evolution of corporate spaces, but also the growing demand for flexibility and adaptation, essential to meet the different needs of companies and to promote the well-being of employees.<\/p>\n\n\n\n<h3 class=\"wp-block-heading\"><strong>Technology and inovation<\/strong><\/h3>\n\n\n\n<p>One of the central themes of the debate was the role of technology in corporate architecture, which, for Sergio, will be increasingly present in companies&#039; routines, not only as a facilitator of processes, but as a <a href=\"https:\/\/www.athiewohnrath.com.br\/en\/posts-arquitetura\/reckitt\/\"><mark style=\"background-color:rgba(0, 0, 0, 0)\" class=\"has-inline-color has-vivid-cyan-blue-color\">intrinsic component of the work environment<\/mark><\/a>.<\/p>\n\n\n\n<p>\u201cFor example, AI will directly impact how we design spaces. This is already happening now, but it is growing exponentially\u201d, says Sergio Athi\u00e9.<\/p>\n\n\n\n<figure class=\"wp-block-image size-full\"><img loading=\"lazy\" decoding=\"async\" width=\"900\" height=\"594\" src=\"https:\/\/www.athiewohnrath.com.br\/wp-content\/uploads\/2024\/07\/FD-Fotografia-AW-Serasa_070.jpg\" alt=\"\" class=\"wp-image-10074\" srcset=\"https:\/\/www.athiewohnrath.com.br\/wp-content\/uploads\/2024\/07\/FD-Fotografia-AW-Serasa_070.jpg 900w, https:\/\/www.athiewohnrath.com.br\/wp-content\/uploads\/2024\/07\/FD-Fotografia-AW-Serasa_070-300x198.jpg 300w, https:\/\/www.athiewohnrath.com.br\/wp-content\/uploads\/2024\/07\/FD-Fotografia-AW-Serasa_070-768x507.jpg 768w, https:\/\/www.athiewohnrath.com.br\/wp-content\/uploads\/2024\/07\/FD-Fotografia-AW-Serasa_070-18x12.jpg 18w\" sizes=\"auto, (max-width: 900px) 100vw, 900px\" \/><\/figure>\n\n\n\n<p><em>LED panels at the entrance to Serasa Lab, in S\u00e3o Paulo | Photo: @douglascostanzo<\/em><\/p>\n\n\n\n<p>Another example of a trend in corporate architecture is the integration of technologies such as room scheduling systems and home office solutions, which are fundamental to efficiency and user experience. \u201cBefore, talking about technology in the office meant having an LED panel or a super-equipped video conference room,\u201d says Bruna Murolo. \u201cToday, technology must be present throughout the space, in an integrated manner.\u201d<\/p>\n\n\n\n<p>This translates into the use of QR codes to access lockers and meeting rooms and scheduling systems that guarantee punctuality and efficiency, with spaces marked by colors to indicate availability, among others.<\/p>\n\n\n\n<h3 class=\"wp-block-heading\"><strong>Flexible and modular spaces<\/strong><\/h3>\n\n\n\n<p>You <a href=\"https:\/\/www.athiewohnrath.com.br\/en\/posts-arquitetura\/adyen\/\"><mark style=\"background-color:rgba(0, 0, 0, 0)\" class=\"has-inline-color has-vivid-cyan-blue-color\">flexible spaces are a response to changing work dynamics<\/mark><\/a> and the new needs of companies. The pandemic accelerated this transformation, leading many clients to rethink their spaces, which no longer follow the traditional 9 am to 6 pm model.<\/p>\n\n\n\n<figure class=\"wp-block-image size-large\"><img loading=\"lazy\" decoding=\"async\" width=\"1024\" height=\"683\" src=\"https:\/\/www.athiewohnrath.com.br\/wp-content\/uploads\/2024\/07\/21_reckitt-1024x683.jpg\" alt=\"Funcion\u00e1rio da Reckitt move divis\u00f3ria de escrit\u00f3rio modular\" class=\"wp-image-10065\" srcset=\"https:\/\/www.athiewohnrath.com.br\/wp-content\/uploads\/2024\/07\/21_reckitt-1024x683.jpg 1024w, https:\/\/www.athiewohnrath.com.br\/wp-content\/uploads\/2024\/07\/21_reckitt-300x200.jpg 300w, https:\/\/www.athiewohnrath.com.br\/wp-content\/uploads\/2024\/07\/21_reckitt-768x512.jpg 768w, https:\/\/www.athiewohnrath.com.br\/wp-content\/uploads\/2024\/07\/21_reckitt-1536x1024.jpg 1536w, https:\/\/www.athiewohnrath.com.br\/wp-content\/uploads\/2024\/07\/21_reckitt-18x12.jpg 18w, https:\/\/www.athiewohnrath.com.br\/wp-content\/uploads\/2024\/07\/21_reckitt.jpg 2048w\" sizes=\"auto, (max-width: 1024px) 100vw, 1024px\" \/><figcaption class=\"wp-element-caption\"><em>Modular space at the Reckitt office in S\u00e3o Paulo | Photo: @alexandre.jafo<\/em><\/figcaption><\/figure>\n\n\n\n<p>\u201cToday it is very clear that there is a need for companies to bring staff back, but spaces must be designed for specific activities, and not for a specific number of people\u201d, says Sergio.<\/p>\n\n\n\n<p>Instead of 300 tables for 300 employees, the spaces are planned by activity. \u201cI&#039;m not going to think I have 300 people, I need 300 tables,\u201d explains Bruna. \u201cI have to think that some will be in meetings, the other will be working virtually, or in team rooms. Companies that work in squads need project rooms. This feature of dividing the space by activities is fundamental.\u201d<\/p>\n\n\n\n<p>Quiet zones for concentration, areas with more plants and wood to create a refuge, and flexible rooms with vibrant design for creative dynamics are other practical examples of this new way of designing offices.<\/p>\n\n\n\n<p><a href=\"https:\/\/www.youtube.com\/watch?v=zn3LJNiWDrs\"><em><mark style=\"background-color:rgba(0, 0, 0, 0)\" class=\"has-inline-color has-vivid-cyan-blue-color\">+ Watch the talk \u201cTrends and solutions applied to Enterprise Architecture\u201d in full<\/mark><\/em><\/a><\/p>\n\n\n\n<h3 class=\"wp-block-heading\"><strong>New products for new environments<\/strong><\/h3>\n\n\n\n<p>Another trend accelerated by the pandemic is to bring more comfort and well-being to employees, creating environments with a touch of home. To achieve this, offering new corporate products was fundamental. Today there is a greater variety of ergonomic and aesthetically pleasing options. \u201cWe are sitting here on a bench that feels like home, but is ergonomic,\u201d says Sergio.<\/p>\n\n\n\n<p>Clients are often unaware of these new options, and it is the role of architectural professionals to present them. \u201cThey expect us to bring solutions to make these environments different,\u201d adds Sergio.<\/p>\n\n\n\n<p>O <a href=\"https:\/\/www.athiewohnrath.com.br\/en\/posts-arquitetura\/rabobank\/\"><mark style=\"background-color:rgba(0, 0, 0, 0)\" class=\"has-inline-color has-vivid-cyan-blue-color\">use of biophilia, which is the incorporation of natural elements into environments<\/mark><\/a> built to promote well-being and reduce stress, is part of this trend. In addition to improving mental health, studies show that contact with nature also increases productivity.<\/p>\n\n\n\n<h3 class=\"wp-block-heading\"><strong>Changing Customer Mindset<\/strong><\/h3>\n\n\n\n<p>Customer mindsets have changed significantly, making them more open to suggestions and new approaches. \u201cCustomers want to know how to bring people back, connect people, have a sense of belonging. This is a recent change\u201d, says Sergio.<\/p>\n\n\n\n<p>\u201cInvestigation process tools are fundamental to understanding the needs not only of clients but also of teams\u201d, says Bruna. \u201cAt the beginning of the project, we used surveys and workshops to actively listen to employees\u2019 needs. These tools compile important information for the materialization of spaces, considering people\u2019s well-being and activities\u201d, says Bruna.<\/p>\n\n\n\n<p>The modern customer has become more participative and aware of their spatial needs. \u201cBefore, they simply requested functional spaces. Today, they want environments that reflect their organizational cultures and that have people at the center\u201d, concludes Bruna.<\/p>\n\n\n\n<h4 class=\"wp-block-heading\"><strong>About Minimal Connection<\/strong><\/h4>\n\n\n\n<p>Projeto magazine organized a series of chats related to architecture, construction and design in the official Minimal Design environment at CASACOR S\u00e3o Paulo 2024, Conex\u00e3o Minimal.<\/p>\n\n\n\n<p>And there&#039;s still time to participate. Until the end of the month, there will be two talks:<\/p>\n\n\n\n<ul class=\"wp-block-list\">\n<li><strong>07\/17, at 5pm \u2013 Legacy 2024\/2025: what we saw at CASACOR<\/strong>, with Livia Pedreira, curator at Casacor, Adriano Stancati and Eduardo Martinhao;<\/li>\n\n\n\n<li><strong>07\/24, at 5pm \u2013 Well-being architecture: neuroarchitecture in hospital environments<\/strong>, with<strong> <\/strong>Lara Kaiser, Perkins&amp;Will, and Ana Paula Naffah Perez, C+A Arquitetura.<\/li>\n<\/ul>\n\n\n\n<p>Participation is free for CASACOR visitors. <a href=\"https:\/\/revistaprojeto.com.br\/noticias\/projeto-minimal-design-participe-dos-talks-na-casacor-sp-2024\/\"><mark style=\"background-color:rgba(0, 0, 0, 0)\" class=\"has-inline-color has-vivid-cyan-blue-color\">More information here.<\/mark><\/a><\/p>","protected":false},"excerpt":{"rendered":"<p>Modular spaces, rotating desks and offices that mix functionality with residential comfort are some of the main trends in corporate architecture. This information was shared by Sergio Athi\u00e9 and Bruna Murolo, respectively partner and conceptual architect at Athi\u00e9 Wohnrath, in the talk \u201cTrends and solutions applied to Corporate Architecture\u201d. The chat is part of a series promoted [\u2026]<\/p>","protected":false},"author":2,"featured_media":12198,"comment_status":"closed","ping_status":"open","sticky":false,"template":"","format":"standard","meta":{"footnotes":""},"categories":[41],"tags":[43,46,45,44,49,47,48,42],"class_list":["post-9246","post","type-post","status-publish","format-standard","has-post-thumbnail","hentry","category-arquitetura","tag-casacor","tag-construcao","tag-decoracao","tag-design","tag-minimal","tag-projeto","tag-revista-projeto","tag-tendencia"],"yoast_head":"<!-- This site is optimized with the Yoast SEO plugin v22.4 - https:\/\/yoast.com\/wordpress\/plugins\/seo\/ -->\n<title>A|W discute tend\u00eancias da arquitetura corporativa na CASACOR SP - Athi\u00e9 | Wohnrath<\/title>\n<meta name=\"description\" content=\"Os arquitetos Sergio Athi\u00e9 e Bruna Murolo, da Athi\u00e9 Wohnrath, falaram sobre tend\u00eancias da arquitetura corporativa em talk na CASACOR SP\" \/>\n<meta name=\"robots\" content=\"index, follow, max-snippet:-1, max-image-preview:large, max-video-preview:-1\" \/>\n<link rel=\"canonical\" href=\"https:\/\/www.athiewohnrath.com.br\/en\/aw-discute-tendencias-da-arquitetura-corporativa-na-casacor-sp\/\" \/>\n<meta property=\"og:locale\" content=\"en_US\" \/>\n<meta property=\"og:type\" content=\"article\" \/>\n<meta property=\"og:title\" content=\"A|W discute tend\u00eancias da arquitetura corporativa na CASACOR SP - Athi\u00e9 | Wohnrath\" \/>\n<meta property=\"og:description\" content=\"Os arquitetos Sergio Athi\u00e9 e Bruna Murolo, da Athi\u00e9 Wohnrath, falaram sobre tend\u00eancias da arquitetura corporativa em talk na CASACOR SP\" \/>\n<meta property=\"og:url\" content=\"https:\/\/www.athiewohnrath.com.br\/en\/aw-discute-tendencias-da-arquitetura-corporativa-na-casacor-sp\/\" \/>\n<meta property=\"og:site_name\" content=\"Athi\u00e9 | Wohnrath\" \/>\n<meta property=\"article:published_time\" content=\"2024-07-15T17:59:24+00:00\" \/>\n<meta property=\"article:modified_time\" content=\"2024-08-12T03:05:33+00:00\" \/>\n<meta property=\"og:image\" content=\"https:\/\/www.athiewohnrath.com.br\/wp-content\/uploads\/2024\/07\/casacor-02_Nero-AI_Face-1_post-1.jpg\" \/>\n\t<meta property=\"og:image:width\" content=\"1280\" \/>\n\t<meta property=\"og:image:height\" content=\"720\" \/>\n\t<meta property=\"og:image:type\" content=\"image\/jpeg\" \/>\n<meta name=\"author\" content=\"Lucca\" \/>\n<meta name=\"twitter:card\" content=\"summary_large_image\" \/>\n<meta name=\"twitter:label1\" content=\"Written by\" \/>\n\t<meta name=\"twitter:data1\" content=\"Lucca\" \/>\n\t<meta name=\"twitter:label2\" content=\"Est. reading time\" \/>\n\t<meta name=\"twitter:data2\" content=\"6 minutes\" \/>\n<script type=\"application\/ld+json\" class=\"yoast-schema-graph\">{\"@context\":\"https:\/\/schema.org\",\"@graph\":[{\"@type\":\"WebPage\",\"@id\":\"https:\/\/www.athiewohnrath.com.br\/aw-discute-tendencias-da-arquitetura-corporativa-na-casacor-sp\/\",\"url\":\"https:\/\/www.athiewohnrath.com.br\/aw-discute-tendencias-da-arquitetura-corporativa-na-casacor-sp\/\",\"name\":\"A|W discute tend\u00eancias da arquitetura corporativa na CASACOR SP - Athi\u00e9 | Wohnrath\",\"isPartOf\":{\"@id\":\"https:\/\/www.athiewohnrath.com.br\/#website\"},\"primaryImageOfPage\":{\"@id\":\"https:\/\/www.athiewohnrath.com.br\/aw-discute-tendencias-da-arquitetura-corporativa-na-casacor-sp\/#primaryimage\"},\"image\":{\"@id\":\"https:\/\/www.athiewohnrath.com.br\/aw-discute-tendencias-da-arquitetura-corporativa-na-casacor-sp\/#primaryimage\"},\"thumbnailUrl\":\"https:\/\/www.athiewohnrath.com.br\/wp-content\/uploads\/2024\/07\/casacor-02_Nero-AI_Face-1_post-1.jpg\",\"datePublished\":\"2024-07-15T17:59:24+00:00\",\"dateModified\":\"2024-08-12T03:05:33+00:00\",\"author\":{\"@id\":\"https:\/\/www.athiewohnrath.com.br\/#\/schema\/person\/17effc9ed07bdab731c7ce20b495adc7\"},\"description\":\"Os arquitetos Sergio Athi\u00e9 e Bruna Murolo, da Athi\u00e9 Wohnrath, falaram sobre tend\u00eancias da arquitetura corporativa em talk na CASACOR SP\",\"breadcrumb\":{\"@id\":\"https:\/\/www.athiewohnrath.com.br\/aw-discute-tendencias-da-arquitetura-corporativa-na-casacor-sp\/#breadcrumb\"},\"inLanguage\":\"en-US\",\"potentialAction\":[{\"@type\":\"ReadAction\",\"target\":[\"https:\/\/www.athiewohnrath.com.br\/aw-discute-tendencias-da-arquitetura-corporativa-na-casacor-sp\/\"]}]},{\"@type\":\"ImageObject\",\"inLanguage\":\"en-US\",\"@id\":\"https:\/\/www.athiewohnrath.com.br\/aw-discute-tendencias-da-arquitetura-corporativa-na-casacor-sp\/#primaryimage\",\"url\":\"https:\/\/www.athiewohnrath.com.br\/wp-content\/uploads\/2024\/07\/casacor-02_Nero-AI_Face-1_post-1.jpg\",\"contentUrl\":\"https:\/\/www.athiewohnrath.com.br\/wp-content\/uploads\/2024\/07\/casacor-02_Nero-AI_Face-1_post-1.jpg\",\"width\":1280,\"height\":720},{\"@type\":\"BreadcrumbList\",\"@id\":\"https:\/\/www.athiewohnrath.com.br\/aw-discute-tendencias-da-arquitetura-corporativa-na-casacor-sp\/#breadcrumb\",\"itemListElement\":[{\"@type\":\"ListItem\",\"position\":1,\"name\":\"In\u00edcio\",\"item\":\"https:\/\/www.athiewohnrath.com.br\/\"},{\"@type\":\"ListItem\",\"position\":2,\"name\":\"A|W discute tend\u00eancias da arquitetura corporativa na CASACOR SP\"}]},{\"@type\":\"WebSite\",\"@id\":\"https:\/\/www.athiewohnrath.com.br\/#website\",\"url\":\"https:\/\/www.athiewohnrath.com.br\/\",\"name\":\"Athi\u00e9 | Wohnrath\",\"description\":\"Inspire-se.\",\"potentialAction\":[{\"@type\":\"SearchAction\",\"target\":{\"@type\":\"EntryPoint\",\"urlTemplate\":\"https:\/\/www.athiewohnrath.com.br\/?s={search_term_string}\"},\"query-input\":\"required name=search_term_string\"}],\"inLanguage\":\"en-US\"},{\"@type\":\"Person\",\"@id\":\"https:\/\/www.athiewohnrath.com.br\/#\/schema\/person\/17effc9ed07bdab731c7ce20b495adc7\",\"name\":\"Lucca\",\"image\":{\"@type\":\"ImageObject\",\"inLanguage\":\"en-US\",\"@id\":\"https:\/\/www.athiewohnrath.com.br\/#\/schema\/person\/image\/\",\"url\":\"https:\/\/secure.gravatar.com\/avatar\/ccb48b0b890fc2095d4121eaf9a5e544354f291d5d3ba4f2a1ff15ac77168550?s=96&d=mm&r=g\",\"contentUrl\":\"https:\/\/secure.gravatar.com\/avatar\/ccb48b0b890fc2095d4121eaf9a5e544354f291d5d3ba4f2a1ff15ac77168550?s=96&d=mm&r=g\",\"caption\":\"Lucca\"},\"url\":\"https:\/\/www.athiewohnrath.com.br\/en\/author\/aw_temp\/\"}]}<\/script>\n<!-- \/ Yoast SEO plugin. -->","yoast_head_json":{"title":"A|W discute tend\u00eancias da arquitetura corporativa na CASACOR SP - Athi\u00e9 | Wohnrath","description":"Os arquitetos Sergio Athi\u00e9 e Bruna Murolo, da Athi\u00e9 Wohnrath, falaram sobre tend\u00eancias da arquitetura corporativa em talk na CASACOR SP","robots":{"index":"index","follow":"follow","max-snippet":"max-snippet:-1","max-image-preview":"max-image-preview:large","max-video-preview":"max-video-preview:-1"},"canonical":"https:\/\/www.athiewohnrath.com.br\/en\/aw-discute-tendencias-da-arquitetura-corporativa-na-casacor-sp\/","og_locale":"en_US","og_type":"article","og_title":"A|W discute tend\u00eancias da arquitetura corporativa na CASACOR SP - Athi\u00e9 | Wohnrath","og_description":"Os arquitetos Sergio Athi\u00e9 e Bruna Murolo, da Athi\u00e9 Wohnrath, falaram sobre tend\u00eancias da arquitetura corporativa em talk na CASACOR SP","og_url":"https:\/\/www.athiewohnrath.com.br\/en\/aw-discute-tendencias-da-arquitetura-corporativa-na-casacor-sp\/","og_site_name":"Athi\u00e9 | Wohnrath","article_published_time":"2024-07-15T17:59:24+00:00","article_modified_time":"2024-08-12T03:05:33+00:00","og_image":[{"width":1280,"height":720,"url":"https:\/\/www.athiewohnrath.com.br\/wp-content\/uploads\/2024\/07\/casacor-02_Nero-AI_Face-1_post-1.jpg","type":"image\/jpeg"}],"author":"Lucca","twitter_card":"summary_large_image","twitter_misc":{"Written by":"Lucca","Est. reading time":"6 minutes"},"schema":{"@context":"https:\/\/schema.org","@graph":[{"@type":"WebPage","@id":"https:\/\/www.athiewohnrath.com.br\/aw-discute-tendencias-da-arquitetura-corporativa-na-casacor-sp\/","url":"https:\/\/www.athiewohnrath.com.br\/aw-discute-tendencias-da-arquitetura-corporativa-na-casacor-sp\/","name":"A|W discute tend\u00eancias da arquitetura corporativa na CASACOR SP - Athi\u00e9 | Wohnrath","isPartOf":{"@id":"https:\/\/www.athiewohnrath.com.br\/#website"},"primaryImageOfPage":{"@id":"https:\/\/www.athiewohnrath.com.br\/aw-discute-tendencias-da-arquitetura-corporativa-na-casacor-sp\/#primaryimage"},"image":{"@id":"https:\/\/www.athiewohnrath.com.br\/aw-discute-tendencias-da-arquitetura-corporativa-na-casacor-sp\/#primaryimage"},"thumbnailUrl":"https:\/\/www.athiewohnrath.com.br\/wp-content\/uploads\/2024\/07\/casacor-02_Nero-AI_Face-1_post-1.jpg","datePublished":"2024-07-15T17:59:24+00:00","dateModified":"2024-08-12T03:05:33+00:00","author":{"@id":"https:\/\/www.athiewohnrath.com.br\/#\/schema\/person\/17effc9ed07bdab731c7ce20b495adc7"},"description":"Os arquitetos Sergio Athi\u00e9 e Bruna Murolo, da Athi\u00e9 Wohnrath, falaram sobre tend\u00eancias da arquitetura corporativa em talk na CASACOR SP","breadcrumb":{"@id":"https:\/\/www.athiewohnrath.com.br\/aw-discute-tendencias-da-arquitetura-corporativa-na-casacor-sp\/#breadcrumb"},"inLanguage":"en-US","potentialAction":[{"@type":"ReadAction","target":["https:\/\/www.athiewohnrath.com.br\/aw-discute-tendencias-da-arquitetura-corporativa-na-casacor-sp\/"]}]},{"@type":"ImageObject","inLanguage":"en-US","@id":"https:\/\/www.athiewohnrath.com.br\/aw-discute-tendencias-da-arquitetura-corporativa-na-casacor-sp\/#primaryimage","url":"https:\/\/www.athiewohnrath.com.br\/wp-content\/uploads\/2024\/07\/casacor-02_Nero-AI_Face-1_post-1.jpg","contentUrl":"https:\/\/www.athiewohnrath.com.br\/wp-content\/uploads\/2024\/07\/casacor-02_Nero-AI_Face-1_post-1.jpg","width":1280,"height":720},{"@type":"BreadcrumbList","@id":"https:\/\/www.athiewohnrath.com.br\/aw-discute-tendencias-da-arquitetura-corporativa-na-casacor-sp\/#breadcrumb","itemListElement":[{"@type":"ListItem","position":1,"name":"In\u00edcio","item":"https:\/\/www.athiewohnrath.com.br\/"},{"@type":"ListItem","position":2,"name":"A|W discute tend\u00eancias da arquitetura corporativa na CASACOR SP"}]},{"@type":"WebSite","@id":"https:\/\/www.athiewohnrath.com.br\/#website","url":"https:\/\/www.athiewohnrath.com.br\/","name":"Athi\u00e9 | Wohnrath","description":"Inspire-se.","potentialAction":[{"@type":"SearchAction","target":{"@type":"EntryPoint","urlTemplate":"https:\/\/www.athiewohnrath.com.br\/?s={search_term_string}"},"query-input":"required name=search_term_string"}],"inLanguage":"en-US"},{"@type":"Person","@id":"https:\/\/www.athiewohnrath.com.br\/#\/schema\/person\/17effc9ed07bdab731c7ce20b495adc7","name":"Lucca","image":{"@type":"ImageObject","inLanguage":"en-US","@id":"https:\/\/www.athiewohnrath.com.br\/#\/schema\/person\/image\/","url":"https:\/\/secure.gravatar.com\/avatar\/ccb48b0b890fc2095d4121eaf9a5e544354f291d5d3ba4f2a1ff15ac77168550?s=96&d=mm&r=g","contentUrl":"https:\/\/secure.gravatar.com\/avatar\/ccb48b0b890fc2095d4121eaf9a5e544354f291d5d3ba4f2a1ff15ac77168550?s=96&d=mm&r=g","caption":"Lucca"},"url":"https:\/\/www.athiewohnrath.com.br\/en\/author\/aw_temp\/"}]}},"_links":{"self":[{"href":"https:\/\/www.athiewohnrath.com.br\/en\/wp-json\/wp\/v2\/posts\/9246","targetHints":{"allow":["GET"]}}],"collection":[{"href":"https:\/\/www.athiewohnrath.com.br\/en\/wp-json\/wp\/v2\/posts"}],"about":[{"href":"https:\/\/www.athiewohnrath.com.br\/en\/wp-json\/wp\/v2\/types\/post"}],"author":[{"embeddable":true,"href":"https:\/\/www.athiewohnrath.com.br\/en\/wp-json\/wp\/v2\/users\/2"}],"replies":[{"embeddable":true,"href":"https:\/\/www.athiewohnrath.com.br\/en\/wp-json\/wp\/v2\/comments?post=9246"}],"version-history":[{"count":20,"href":"https:\/\/www.athiewohnrath.com.br\/en\/wp-json\/wp\/v2\/posts\/9246\/revisions"}],"predecessor-version":[{"id":11967,"href":"https:\/\/www.athiewohnrath.com.br\/en\/wp-json\/wp\/v2\/posts\/9246\/revisions\/11967"}],"wp:featuredmedia":[{"embeddable":true,"href":"https:\/\/www.athiewohnrath.com.br\/en\/wp-json\/wp\/v2\/media\/12198"}],"wp:attachment":[{"href":"https:\/\/www.athiewohnrath.com.br\/en\/wp-json\/wp\/v2\/media?parent=9246"}],"wp:term":[{"taxonomy":"category","embeddable":true,"href":"https:\/\/www.athiewohnrath.com.br\/en\/wp-json\/wp\/v2\/categories?post=9246"},{"taxonomy":"post_tag","embeddable":true,"href":"https:\/\/www.athiewohnrath.com.br\/en\/wp-json\/wp\/v2\/tags?post=9246"}],"curies":[{"name":"wp","href":"https:\/\/api.w.org\/{rel}","templated":true}]}}